{"id":10650,"date":"2018-04-14T21:17:36","date_gmt":"2018-04-14T20:17:36","guid":{"rendered":"http:\/\/handballratingen.de\/wp\/?p=10650"},"modified":"2019-02-21T13:46:39","modified_gmt":"2019-02-21T12:46:39","slug":"mitglieder-danken-thomas-oberwinster-mit-standing-ovations-fuer-30-jahre-abteilungsleitung","status":"publish","type":"post","link":"https:\/\/www.handballratingen.de\/wp\/?p=10650","title":{"rendered":"Mitglieder danken Thomas Oberwinster mit Standing Ovations f\u00fcr 30 Jahre Abteilungsleitung"},"content":{"rendered":"<p>Es war ein ganz besonderer Moment am heutigen Samstag w\u00e4hrend der turnusm\u00e4\u00dfigen Versammlung der Handballabteilung: Zum Schlu\u00df der Ansprache erhoben sich alle rund 40 anwesenden Abteilungsmitglieder von ihren Pl\u00e4tzen und dankten ihrem Abteilungsleiter Thomas Oberwinster f\u00fcr seinen letzten Abteilungsbericht; der langj\u00e4hrige Abteilungsleiter verzichtete auf eine erneute Kandidatur. Mit ihrem Applaus dr\u00fcckten die Handballerinnen und Handballer ihren gro\u00dfen Respekt f\u00fcr eine unglaubliche Leistung von Oberwinster in den letzten 30 Jahren an der Spitze der Handballabteilung aus. Die Pr\u00e4sidentin des TV Ratingen Silvia Glander \u00fcberbrachte die Gl\u00fcckw\u00fcnsche und den Dank des Hauptvereins und attestierte Thomas Oberwinster ein riesengro\u00dfes gr\u00fcnwei\u00dfes Herz und Leidenschaft f\u00fcr den TV.<\/p>\n<p><a href=\"http:\/\/handballratingen.de\/wp\/wp-content\/uploads\/2018\/04\/20180414_thomas_oberwinster_1.jpg\"><img decoding=\"async\" class=\"alignnone wp-image-10663 size-large\" src=\"http:\/\/handballratingen.de\/wp\/wp-content\/uploads\/2018\/04\/20180414_thomas_oberwinster_1-1024x576.jpg\" alt=\"\" width=\"1024\" height=\"576\" srcset=\"https:\/\/www.handballratingen.de\/wp\/wp-content\/uploads\/2018\/04\/20180414_thomas_oberwinster_1-200x112.jpg 200w, https:\/\/www.handballratingen.de\/wp\/wp-content\/uploads\/2018\/04\/20180414_thomas_oberwinster_1-300x169.jpg 300w, https:\/\/www.handballratingen.de\/wp\/wp-content\/uploads\/2018\/04\/20180414_thomas_oberwinster_1-400x225.jpg 400w, https:\/\/www.handballratingen.de\/wp\/wp-content\/uploads\/2018\/04\/20180414_thomas_oberwinster_1-600x337.jpg 600w, https:\/\/www.handballratingen.de\/wp\/wp-content\/uploads\/2018\/04\/20180414_thomas_oberwinster_1-768x432.jpg 768w, https:\/\/www.handballratingen.de\/wp\/wp-content\/uploads\/2018\/04\/20180414_thomas_oberwinster_1-800x450.jpg 800w, https:\/\/www.handballratingen.de\/wp\/wp-content\/uploads\/2018\/04\/20180414_thomas_oberwinster_1-1024x576.jpg 1024w, https:\/\/www.handballratingen.de\/wp\/wp-content\/uploads\/2018\/04\/20180414_thomas_oberwinster_1-1200x675.jpg 1200w, https:\/\/www.handballratingen.de\/wp\/wp-content\/uploads\/2018\/04\/20180414_thomas_oberwinster_1.jpg 3535w\" sizes=\"(max-width: 1024px) 100vw, 1024px\" \/><\/a><\/p>\n<p>Thomas Oberwinster erl\u00e4uterte bereits zu Beginn seiner Ansprache die Gr\u00fcnde, nicht wieder f\u00fcr das Amt des Abteilungsleiters zu kandidieren. Berufliche Belastungen und auch die R\u00fccksicht auf die eigene Gesundheit lie\u00dfen es nicht mehr zu, das Amt mit den ihm eigenen Anspr\u00fcchen an Engagement und Verf\u00fcgbarkeit weiterzuf\u00fchren. Oberwinster \u00fcbergibt dabei eine strukturell und sportlich au\u00dferordentlich intakte Abteilung. Mit nunmehr fast 230 Mitgliedern sind so viele Aktive wie schon seit langem nicht mehr in den Reihen der Handballabteilung aktiv. 14 Mannschaften sind aktuell im Spielbetrieb. Im Jugendbereich konnten in der vergangenen Spielzeit alle Mannschaften teilweise doppelt gemeldet werden, die E1-Jugend steht kurz vor dem Sieg der Kreismeisterschaft und mit der A- und B-Jugend spielen zwei Teams auf HVN-Ebene &#8211; auch das eine besondere Leistung in dieser Spielzeit. Im Seniorenbereich spielen die erste Damenmannschaft nach ihrem Verbandsligaaufstieg bereits wieder ganz ober mit, die ersten Herren k\u00e4mpfen um den Aufstieg in die Oberliga und die Zwote will die Klasse in der Landesliga halten &#8211; eine Entwicklung, die so vor Jahren am Europaring nicht absehbar war.<\/p>\n<p>Die Erfolge seien, so Oberwinster, nur im Team zu erzielen und so dankte er in seiner Ansprache den vielen Weggef\u00e4hrtinnen und -gef\u00e4hrten, die ihn in den letzten Jahren und Jahrzehnten begleitet haben. Besonders am Herzen lag ihm der Dank an zwei weitere TV-Urgesteine, die sich nach dieser Spielzeit aus der aktiven T\u00e4tigkeit zur\u00fcckziehen, n\u00e4mlich Annette Paulsen als Trainerin der B-Jugend und Stefan Oberwinster als A-Jugend-Trainer. Dem Dank des Abteilungsleiters schlo\u00df sich die Pr\u00e4sidentin des TV, Silvia Glander, in ihrer Laudatio gerne an und betonte, das nur im Team solche Leistungen zu stemmen seien. Gleichwohl habe Thomas Oberwinster f\u00fcr fast drei Jahrzehnte den Geist der Handballabteilung verk\u00f6rpert. Die sei nur m\u00f6glich, wenn auch die Familie immer zu 100 Prozent hinter dem Engagement stehe und hier h\u00e4tten Thomas Oberwinster und seine Frau Daniela immer eine an einem Strang gezogen.<\/p>\n<p>Im Anschlu\u00df an den Bericht standen die Neuwahlen f\u00fcr die Vorstands\u00e4mter an. Als Abteilungsleiter w\u00e4hlten die Mitglieder Dr. Marcus Otten, der bislang den Bereich Internet\/\u00d6ffentlichkeitsarbeit betreut hat. In ihrem Amt best\u00e4tigt wurde die langj\u00e4hrige stellvertretende Abteilungsleiterin Beate Egert, das Amt des Jugendwartes nimmt k\u00fcnftig Lino Gl\u00f6ckler als Trainer der B- und D-Jugend wahr. Den Abteilungsvorstand werden wie bislang der sportliche Leiter Ralf Trimborn, der Marketingleiter Niklas Vogel und die Verantwortliche f\u00fcr Regularien\/ESB Ilka Schrader unterst\u00fctzen. Der ausscheidende Abteilungsleiter Thomas Oberwinster wird dem Abteilungsvorstand mit seiner jahrzehntelangen Erfahrung beratend als Ansprechpartner erhalten bleiben.<\/p>\n","protected":false},"excerpt":{"rendered":"<p>Es war ein ganz besonderer Moment am heutigen Samstag w\u00e4hrend der turnusm\u00e4\u00dfigen Versammlung der Handballabteilung: Zum Schlu\u00df der Ansprache erhoben sich alle rund 40 anwesenden Abteilungsmitglieder von ihren Pl\u00e4tzen und dankten ihrem Abteilungsleiter Thomas Oberwinster f\u00fcr seinen letzten Abteilungsbericht; der langj\u00e4hrige Abteilungsleiter verzichtete auf eine erneute Kandidatur. Mit ihrem Applaus  [&#8230;]<\/p>\n","protected":false},"author":24,"featured_media":10662,"comment_status":"closed","ping_status":"open","sticky":false,"template":"","format":"standard","meta":{"ngg_post_thumbnail":0,"jetpack_post_was_ever_published":false,"_jetpack_newsletter_access":"","_jetpack_dont_email_post_to_subs":false,"_jetpack_newsletter_tier_id":0,"_jetpack_memberships_contains_paywalled_content":false,"_jetpack_memberships_contains_paid_content":false,"footnotes":"","jetpack_publicize_message":"","jetpack_publicize_feature_enabled":true,"jetpack_social_post_already_shared":true,"jetpack_social_options":{"image_generator_settings":{"template":"highway","default_image_id":0,"font":"","enabled":false},"version":2}},"categories":[1],"tags":[],"class_list":["post-10650","post","type-post","status-publish","format-standard","has-post-thumbnail","hentry","category-allgemein"],"jetpack_publicize_connections":[],"jetpack_featured_media_url":"https:\/\/www.handballratingen.de\/wp\/wp-content\/uploads\/2018\/04\/20180414_thomas_oberwinster.jpg","jetpack_sharing_enabled":true,"jetpack_shortlink":"https:\/\/wp.me\/p4Z74q-2LM","_links":{"self":[{"href":"https:\/\/www.handballratingen.de\/wp\/index.php?rest_route=\/wp\/v2\/posts\/10650","targetHints":{"allow":["GET"]}}],"collection":[{"href":"https:\/\/www.handballratingen.de\/wp\/index.php?rest_route=\/wp\/v2\/posts"}],"about":[{"href":"https:\/\/www.handballratingen.de\/wp\/index.php?rest_route=\/wp\/v2\/types\/post"}],"author":[{"embeddable":true,"href":"https:\/\/www.handballratingen.de\/wp\/index.php?rest_route=\/wp\/v2\/users\/24"}],"replies":[{"embeddable":true,"href":"https:\/\/www.handballratingen.de\/wp\/index.php?rest_route=%2Fwp%2Fv2%2Fcomments&post=10650"}],"version-history":[{"count":13,"href":"https:\/\/www.handballratingen.de\/wp\/index.php?rest_route=\/wp\/v2\/posts\/10650\/revisions"}],"predecessor-version":[{"id":10666,"href":"https:\/\/www.handballratingen.de\/wp\/index.php?rest_route=\/wp\/v2\/posts\/10650\/revisions\/10666"}],"wp:featuredmedia":[{"embeddable":true,"href":"https:\/\/www.handballratingen.de\/wp\/index.php?rest_route=\/wp\/v2\/media\/10662"}],"wp:attachment":[{"href":"https:\/\/www.handballratingen.de\/wp\/index.php?rest_route=%2Fwp%2Fv2%2Fmedia&parent=10650"}],"wp:term":[{"taxonomy":"category","embeddable":true,"href":"https:\/\/www.handballratingen.de\/wp\/index.php?rest_route=%2Fwp%2Fv2%2Fcategories&post=10650"},{"taxonomy":"post_tag","embeddable":true,"href":"https:\/\/www.handballratingen.de\/wp\/index.php?rest_route=%2Fwp%2Fv2%2Ftags&post=10650"}],"curies":[{"name":"wp","href":"https:\/\/api.w.org\/{rel}","templated":true}]}}