{"id":11538,"date":"2018-09-12T10:29:33","date_gmt":"2018-09-12T09:29:33","guid":{"rendered":"https:\/\/www.handballratingen.de\/wp\/?p=11538"},"modified":"2018-09-12T10:29:45","modified_gmt":"2018-09-12T09:29:45","slug":"b-jugend-steht-nach-intensiver-vorbereitun-vor-dem-saisonstart","status":"publish","type":"post","link":"https:\/\/www.handballratingen.de\/wp\/?p=11538","title":{"rendered":"B-Jugend steht nach intensiver Vorbereitung vor dem Saisonstart"},"content":{"rendered":"<p>Die B-Jugend startet am Wochenende mit einem Heimspiel in die neue Saison. Von der Vorbereitung berichtet Torwarttrainer Christoph M\u00fcller:<\/p>\n<p><em>&#8222;Es ist ja schon etwas l\u00e4nger her, dass wir von der m\u00e4nnlichen B-Jugend berichtet haben. Das liegt nat\u00fcrlich an den Sommerferien, in denen Erholung und Pause f\u00fcr die Jugendlichen ansteht (bevor man sich durch die Vorbereitung, von September bis Ostern durch die Saison und danach durch die Qualifikation k\u00e4mpft, um sich dann in den Sommerferien wieder zu erholen).<\/em><\/p>\n<p><em>Unt\u00e4tig waren wir aber dennoch nicht. Einige der Jugendlichen hatten um Trainingspl\u00e4ne f\u00fcr die Ferien gebeten, in vielen F\u00e4llen wurden diese sogar umgesetzt. Ab der vierten Ferienwoche begannen die Einheiten sowohl im Stadion (Laufbahn und Sand, mit Unterst\u00fctzung der Leichtathletikabteilung) und in der Halle, bis zu f\u00fcnfmal in der Woche wurde geschwitzt, gerannt, geworfen.<\/em><\/p>\n<p><em>Am ersten Septemberwochenende stand ein Turnier in Unna-Massen auf dem Programm. Zwar fand das Turnier nur Sonntags statt, wir entschieden uns aber zu einer fr\u00fchen Anreise am Samstag mittag, erkundeten Unna (zumindest ein wenig), besch\u00e4ftigten uns mit Teambuilding- und vertrauenssteigernden Massnahmen, schliefen als Dorf gemeinsam ein und versuchten, den Werw\u00f6lfen zu entkommen, litten unter Matheregeln und anderen Dingen (nicht ohne jedesmal artig &#8222;Danke&#8220; zu sagen, Bruder)&#8230;.. kurz, wir zelteten direkt an der Halle, verlebten die Zeit bis zum Turnierbeginn mit Teambuilding und gingen Sonntag nachmittag, manche mehr, manche weniger ausgeruht, auf die Platte. Die Ergebnisse waren nicht so gut anzusehen, wir haben immer noch Defizite was Torgefahr, Druck auf die Nahtstelle und Torabschluss angeht, gegen die Westfalenteams reichte es (noch) nicht. Trotz allem waren Fortschritte zu erkennen, teils deutliche Fortschritte. Bis sich das an der Anzeigetafel auswirkt, wird aber noch etwas Zeit vergehen. Letzten Mittwoch sah es im Vorbereitungsspiel gegen den WMTV Solingen schon besser aus, in drei mal zwanzig Minuten konnten wir 43:33 gewinnen.<\/em><\/p>\n<p><em>Am kommenden Sonntag geht es dann los. Letztes Wochenende war f\u00fcr uns spielfrei, jetzt starten wir Sonntag um 17:30 Uhr im Europaring gegen den SFD 75. Unser Saisonziel ist ein Platz im oberen Tabellenbereich, um das zu erreichen, sollten die ersten Punkte eingefahren werden.<\/em><\/p>\n<p><em>Vor uns spielt die m\u00e4nnliche A-Jugend gegen den TV Korschenbroich, einem gem\u00fctlicher Jugendhandball-Sonntag im Europaring steht somit eigentlich nichts im Weg&#8230;&#8230;.&#8220;<\/em><\/p>\n","protected":false},"excerpt":{"rendered":"<p>Die B-Jugend startet am Wochenende mit einem Heimspiel in die neue Saison. Von der Vorbereitung berichtet Torwarttrainer Christoph M\u00fcller: &#8222;Es ist ja schon etwas l\u00e4nger her, dass wir von der m\u00e4nnlichen B-Jugend berichtet haben. Das liegt nat\u00fcrlich an den Sommerferien, in denen Erholung und Pause f\u00fcr die Jugendlichen ansteht (bevor  [&#8230;]<\/p>\n","protected":false},"author":24,"featured_media":11540,"comment_status":"closed","ping_status":"open","sticky":false,"template":"","format":"standard","meta":{"ngg_post_thumbnail":0,"jetpack_post_was_ever_published":false,"_jetpack_newsletter_access":"","_jetpack_dont_email_post_to_subs":false,"_jetpack_newsletter_tier_id":0,"_jetpack_memberships_contains_paywalled_content":false,"_jetpack_memberships_contains_paid_content":false,"footnotes":"","jetpack_publicize_message":"","jetpack_publicize_feature_enabled":true,"jetpack_social_post_already_shared":true,"jetpack_social_options":{"image_generator_settings":{"template":"highway","default_image_id":0,"font":"","enabled":false},"version":2}},"categories":[19],"tags":[],"class_list":["post-11538","post","type-post","status-publish","format-standard","has-post-thumbnail","hentry","category-b-jugend"],"jetpack_publicize_connections":[],"jetpack_featured_media_url":"https:\/\/www.handballratingen.de\/wp\/wp-content\/uploads\/2018\/09\/IMGP8022-1_jpg.jpg","jetpack_sharing_enabled":true,"jetpack_shortlink":"https:\/\/wp.me\/p4Z74q-306","_links":{"self":[{"href":"https:\/\/www.handballratingen.de\/wp\/index.php?rest_route=\/wp\/v2\/posts\/11538","targetHints":{"allow":["GET"]}}],"collection":[{"href":"https:\/\/www.handballratingen.de\/wp\/index.php?rest_route=\/wp\/v2\/posts"}],"about":[{"href":"https:\/\/www.handballratingen.de\/wp\/index.php?rest_route=\/wp\/v2\/types\/post"}],"author":[{"embeddable":true,"href":"https:\/\/www.handballratingen.de\/wp\/index.php?rest_route=\/wp\/v2\/users\/24"}],"replies":[{"embeddable":true,"href":"https:\/\/www.handballratingen.de\/wp\/index.php?rest_route=%2Fwp%2Fv2%2Fcomments&post=11538"}],"version-history":[{"count":2,"href":"https:\/\/www.handballratingen.de\/wp\/index.php?rest_route=\/wp\/v2\/posts\/11538\/revisions"}],"predecessor-version":[{"id":11541,"href":"https:\/\/www.handballratingen.de\/wp\/index.php?rest_route=\/wp\/v2\/posts\/11538\/revisions\/11541"}],"wp:featuredmedia":[{"embeddable":true,"href":"https:\/\/www.handballratingen.de\/wp\/index.php?rest_route=\/wp\/v2\/media\/11540"}],"wp:attachment":[{"href":"https:\/\/www.handballratingen.de\/wp\/index.php?rest_route=%2Fwp%2Fv2%2Fmedia&parent=11538"}],"wp:term":[{"taxonomy":"category","embeddable":true,"href":"https:\/\/www.handballratingen.de\/wp\/index.php?rest_route=%2Fwp%2Fv2%2Fcategories&post=11538"},{"taxonomy":"post_tag","embeddable":true,"href":"https:\/\/www.handballratingen.de\/wp\/index.php?rest_route=%2Fwp%2Fv2%2Ftags&post=11538"}],"curies":[{"name":"wp","href":"https:\/\/api.w.org\/{rel}","templated":true}]}}