{"id":12104,"date":"2018-09-25T13:20:49","date_gmt":"2018-09-25T12:20:49","guid":{"rendered":"https:\/\/www.handballratingen.de\/wp\/?p=12104"},"modified":"2018-09-25T18:19:58","modified_gmt":"2018-09-25T17:19:58","slug":"12104","status":"publish","type":"post","link":"https:\/\/www.handballratingen.de\/wp\/?p=12104","title":{"rendered":"Ungl\u00fcckliche Niederlage der zweiten Herren trotz guter Leistung"},"content":{"rendered":"<p>Nervenaufreibend \u2013 mit diesem Adjektiv l\u00e4sst sich die Begegnung zwischen TV Ratingen II und SC Bayer Uerdingen am vergangenen Samstagabend in heimischer Halle wohl am besten beschreiben. Die Zwote wusste, dass dieses Spiel ein Kampf wird und war bereit diesen anzunehmen. In einem durchweg harten, aber doch fairen Spiel bekamen die Zuschauer auf den R\u00e4ngen am Europaring eine bis zum Schluss ausgeglichen Partie geliefert.<\/p>\n<p>Das Spiel begann und beide Mannschaften legten ihren Fokus zun\u00e4chst auf die Offensive. \u00dcber ein 0:1 hin zu einem 6:5 in der siebten Minute schien die Partie ein Torfest zu werden. Erst allm\u00e4hlich stellten sich die Kontrahenten besser auf einander ein, wodurch die Partie keinesfalls an Schwung verlor. Immer \u00f6fter trat auch Keeper Sebastian G\u00f6tze in Erscheinung und entsch\u00e4rfte die W\u00fcrfe der Uerdinger. Im Angriff konnte der TV vor allem auf Sascha Koetterheinrich z\u00e4hlen, der ein ums andere Mal den Ball im Netz der G\u00e4ste unterbrachte. Erst in der 29. Minute schaffte es der TV durch zwei Tore des aushelfenden Jens Szonn in eine 15:12 F\u00fchrung, die kurz vorm Abpfiff nochmal auf 15:13 verk\u00fcrzt wurde. Ein verworfener 7-Meter nach dem Halbzeitpfiff brachte den Gang in die Kabine.<\/p>\n<p>Die zweite Halbzeit begann und das Spiel wurde nun verbissener. Insgesamt acht Gelbe Karten und Zwei-Minuten Strafen sowie eine roten Karte f\u00fcr die G\u00e4ste verdeutlichten die Intensit\u00e4t. Keine Mannschaft hatte etwas zu verschenken und es wurde bis zur letzten Minute gek\u00e4mpft. Das Spiel drehte sich in der 43. Minute durch die F\u00fchrung des SC zum 20:21. Einige Technische Fehler schlichen sich in das Spiel der Zwoten und wurden konsequent bestraft.<\/p>\n<p>In der 54. Minute egalisierte der TV nochmal das Ergebnis durch einen Sieben-Metertreffer zum 23:23. Und wieder trat der Schlendrian auf und erlaubte es den G\u00e4sten wegzuziehen. Auch eine doppelte \u00dcberzahl brachte die Ratinger nicht mehr heran und ein Wurf in der letzten Sekunde vor die Wand stellte das Ende der Partie dar. Der SC Bayer Uerdingen gewinnt in Ratingen mit 25:26 und nimmt zwar verdient, aber auch etwas gl\u00fccklich die Punkte vom Europaring mit nach Hause.<\/p>\n<p>Doch das Ergebnis ist kein Grund die K\u00f6pfe h\u00e4ngen zu lassen. Auf der Trib\u00fcne war man sich einig, dass man die Zwote selten so engagiert hatte spielen sehen. Mit dieser Leistung l\u00e4sst sich das \u201eProjekt Einstellig\u201c von Trainer Niklas Vogel verwirklichen, der seinen M\u00e4nnern die Aufgabe von Platz Neun oder besser zu Beginn der Saison stellte. Also hei\u00dft es nun Arme einrenken und konzentriert ins Training um n\u00e4chste Woche gegen die Vertretung von Neuss\/D\u00fcsseldorf wieder Punkte zu holen. (-pr)<\/p>\n","protected":false},"excerpt":{"rendered":"<p>Nervenaufreibend \u2013 mit diesem Adjektiv l\u00e4sst sich die Begegnung zwischen TV Ratingen II und SC Bayer Uerdingen am vergangenen Samstagabend in heimischer Halle wohl am besten beschreiben. Die Zwote wusste, dass dieses Spiel ein Kampf wird und war bereit diesen anzunehmen. In einem durchweg harten, aber doch fairen Spiel bekamen  [&#8230;]<\/p>\n","protected":false},"author":24,"featured_media":6642,"comment_status":"closed","ping_status":"open","sticky":false,"template":"","format":"standard","meta":{"ngg_post_thumbnail":0,"jetpack_post_was_ever_published":false,"_jetpack_newsletter_access":"","_jetpack_dont_email_post_to_subs":false,"_jetpack_newsletter_tier_id":0,"_jetpack_memberships_contains_paywalled_content":false,"_jetpack_memberships_contains_paid_content":false,"footnotes":"","jetpack_publicize_message":"","jetpack_publicize_feature_enabled":true,"jetpack_social_post_already_shared":true,"jetpack_social_options":{"image_generator_settings":{"template":"highway","default_image_id":0,"font":"","enabled":false},"version":2}},"categories":[11],"tags":[],"class_list":["post-12104","post","type-post","status-publish","format-standard","has-post-thumbnail","hentry","category-2-herren"],"jetpack_publicize_connections":[],"jetpack_featured_media_url":"https:\/\/www.handballratingen.de\/wp\/wp-content\/uploads\/2016\/02\/20160219_2M2H_zwote_symbolfoto.jpg","jetpack_sharing_enabled":true,"jetpack_shortlink":"https:\/\/wp.me\/s4Z74q-12104","_links":{"self":[{"href":"https:\/\/www.handballratingen.de\/wp\/index.php?rest_route=\/wp\/v2\/posts\/12104","targetHints":{"allow":["GET"]}}],"collection":[{"href":"https:\/\/www.handballratingen.de\/wp\/index.php?rest_route=\/wp\/v2\/posts"}],"about":[{"href":"https:\/\/www.handballratingen.de\/wp\/index.php?rest_route=\/wp\/v2\/types\/post"}],"author":[{"embeddable":true,"href":"https:\/\/www.handballratingen.de\/wp\/index.php?rest_route=\/wp\/v2\/users\/24"}],"replies":[{"embeddable":true,"href":"https:\/\/www.handballratingen.de\/wp\/index.php?rest_route=%2Fwp%2Fv2%2Fcomments&post=12104"}],"version-history":[{"count":3,"href":"https:\/\/www.handballratingen.de\/wp\/index.php?rest_route=\/wp\/v2\/posts\/12104\/revisions"}],"predecessor-version":[{"id":12111,"href":"https:\/\/www.handballratingen.de\/wp\/index.php?rest_route=\/wp\/v2\/posts\/12104\/revisions\/12111"}],"wp:featuredmedia":[{"embeddable":true,"href":"https:\/\/www.handballratingen.de\/wp\/index.php?rest_route=\/wp\/v2\/media\/6642"}],"wp:attachment":[{"href":"https:\/\/www.handballratingen.de\/wp\/index.php?rest_route=%2Fwp%2Fv2%2Fmedia&parent=12104"}],"wp:term":[{"taxonomy":"category","embeddable":true,"href":"https:\/\/www.handballratingen.de\/wp\/index.php?rest_route=%2Fwp%2Fv2%2Fcategories&post=12104"},{"taxonomy":"post_tag","embeddable":true,"href":"https:\/\/www.handballratingen.de\/wp\/index.php?rest_route=%2Fwp%2Fv2%2Ftags&post=12104"}],"curies":[{"name":"wp","href":"https:\/\/api.w.org\/{rel}","templated":true}]}}