{"id":12376,"date":"2018-10-24T21:12:10","date_gmt":"2018-10-24T20:12:10","guid":{"rendered":"https:\/\/www.handballratingen.de\/wp\/?p=12376"},"modified":"2018-10-24T21:15:16","modified_gmt":"2018-10-24T20:15:16","slug":"die-ersten-herren-wollen-den-aufwaertstrend-gegen-lintorf-i-fortsetzen","status":"publish","type":"post","link":"https:\/\/www.handballratingen.de\/wp\/?p=12376","title":{"rendered":"Die ersten Herren m\u00f6chten den Aufw\u00e4rtstrend gegen Lintorf I fortsetzen"},"content":{"rendered":"<p>Derbytime am Europaring! Zum ersten Mal seit geraumer Zeit findet wieder ein Pflichtspiel zwischen den Erstvertretungen des TV und dem TuS Lintorf statt. Die Lintorfer sind nach einem Umbruch in der Mannschaft zur\u00fcck in der Verbandsliga. Nach einem Vorbereitungsspiel im vergangenen Jahr kommt es somit endlich wieder zu einem brandhei\u00dfen Derby im Ratinger Stadtgebiet. Der TuS steht nach sechs absolvierten Spielen mit einem ausgeglichenen Punktekonto auf dem achten Tabellenplatz der Verbandsliga und damit im Tabellenmittelfeld. Der TV konnte nach dem Last-Second-Sieg gegen die Reserve des LTV Wuppertal den zweiten Saisonsieg einfahren und verl\u00e4sst damit die Abstiegsr\u00e4nge. Mit einem Sieg k\u00f6nnen die Gr\u00fcn-Wei\u00dfen mit dem Gegner aus dem Nachbarstadtteil gleichziehen.<\/p>\n<p>Wie schon im letzten Heimspiel gegen Cronenberg werden die Ratinger auf eine hochmotivierte Mannschaft treffen. Die Lintorfer k\u00f6nnen mit ihren bisherigen Ergebnissen genauso wenig zufrieden sein wie die Ratinger. \u201eLintorf steht mit dem R\u00fccken zur Wand und kann es sich nicht leisten, gegen uns schlecht auszusehen\u201c, fasst Trainer Andreas Linke zusammen. \u201eIch gehe positiv in das Spiel. Den gr\u00f6\u00dferen Druck haben die Lintorfer. Alles was wir haben, m\u00fcssen wir am Wochenende abrufen.\u201c Erforderlich sind daf\u00fcr ein konsequentes R\u00fcckzugsverhalten und besonders eine verbesserte Chancenauswertung. Zudem m\u00fcssen die Ratinger den Haupttorsch\u00fctzen der Lintorfer, Sebastian Thole, in den Griff bekommen, der mit 42 Toren auf Platz zwei der Torsch\u00fctzenliste weilt. Sein Einsatz ist jedoch aufgrund einer Verletzung am letzten Spieltag fraglich.<\/p>\n<p>Es scheint, als h\u00e4tte das Team der Dumeklemmer mit der R\u00fcckkehr von Moritz Metelmann wieder in die Spur zur\u00fcckgefunden. Besonders im Angriff ist das Spiel der Ratinger deutlich variabler geworden und die wiedergewonnene Gefahr aus dem R\u00fcckraum schafft viel Platz im Deckungsverband der Gegner. Der zehnte Tabellenplatz f\u00fcr den TV l\u00e4sst jedoch noch viel Luft nach oben. Im Derby m\u00fcssen die Ratinger zeigen, dass sie den Willen haben, nach dem verkorksten Saisonstart noch einmal oben anzugreifen. Der Heimspielfaktor sollte dabei einen gro\u00dfen Anteil haben. Dem Trainerteam Linke\/ Buschhaus fehlen am Samstag der verletzte J\u00f6rg Schomburg und Pascal Schmidt. Fraglich sind der erkrankte Tim Pawlik und Benjamin Heimes, der sich eine Blessur am Knie zugezogen hat.<\/p>\n<p>Anwurf f\u00fcr die Partie ist am Samstag um 18 Uhr am Europaring. (-fh)<\/p>\n","protected":false},"excerpt":{"rendered":"<p>Derbytime am Europaring! Zum ersten Mal seit geraumer Zeit findet wieder ein Pflichtspiel zwischen den Erstvertretungen des TV und dem TuS Lintorf statt. Die Lintorfer sind nach einem Umbruch in der Mannschaft zur\u00fcck in der Verbandsliga. Nach einem Vorbereitungsspiel im vergangenen Jahr kommt es somit endlich wieder zu einem brandhei\u00dfen  [&#8230;]<\/p>\n","protected":false},"author":24,"featured_media":10784,"comment_status":"closed","ping_status":"open","sticky":false,"template":"","format":"standard","meta":{"ngg_post_thumbnail":0,"jetpack_post_was_ever_published":false,"_jetpack_newsletter_access":"","_jetpack_dont_email_post_to_subs":false,"_jetpack_newsletter_tier_id":0,"_jetpack_memberships_contains_paywalled_content":false,"_jetpack_memberships_contains_paid_content":false,"footnotes":"","jetpack_publicize_message":"","jetpack_publicize_feature_enabled":true,"jetpack_social_post_already_shared":true,"jetpack_social_options":{"image_generator_settings":{"template":"highway","default_image_id":0,"font":"","enabled":false},"version":2}},"categories":[9],"tags":[],"class_list":["post-12376","post","type-post","status-publish","format-standard","has-post-thumbnail","hentry","category-1-herren"],"jetpack_publicize_connections":[],"jetpack_featured_media_url":"https:\/\/www.handballratingen.de\/wp\/wp-content\/uploads\/2018\/05\/20180502_lintorf_ratingen.jpg","jetpack_sharing_enabled":true,"jetpack_shortlink":"https:\/\/wp.me\/p4Z74q-3dC","_links":{"self":[{"href":"https:\/\/www.handballratingen.de\/wp\/index.php?rest_route=\/wp\/v2\/posts\/12376","targetHints":{"allow":["GET"]}}],"collection":[{"href":"https:\/\/www.handballratingen.de\/wp\/index.php?rest_route=\/wp\/v2\/posts"}],"about":[{"href":"https:\/\/www.handballratingen.de\/wp\/index.php?rest_route=\/wp\/v2\/types\/post"}],"author":[{"embeddable":true,"href":"https:\/\/www.handballratingen.de\/wp\/index.php?rest_route=\/wp\/v2\/users\/24"}],"replies":[{"embeddable":true,"href":"https:\/\/www.handballratingen.de\/wp\/index.php?rest_route=%2Fwp%2Fv2%2Fcomments&post=12376"}],"version-history":[{"count":5,"href":"https:\/\/www.handballratingen.de\/wp\/index.php?rest_route=\/wp\/v2\/posts\/12376\/revisions"}],"predecessor-version":[{"id":12381,"href":"https:\/\/www.handballratingen.de\/wp\/index.php?rest_route=\/wp\/v2\/posts\/12376\/revisions\/12381"}],"wp:featuredmedia":[{"embeddable":true,"href":"https:\/\/www.handballratingen.de\/wp\/index.php?rest_route=\/wp\/v2\/media\/10784"}],"wp:attachment":[{"href":"https:\/\/www.handballratingen.de\/wp\/index.php?rest_route=%2Fwp%2Fv2%2Fmedia&parent=12376"}],"wp:term":[{"taxonomy":"category","embeddable":true,"href":"https:\/\/www.handballratingen.de\/wp\/index.php?rest_route=%2Fwp%2Fv2%2Fcategories&post=12376"},{"taxonomy":"post_tag","embeddable":true,"href":"https:\/\/www.handballratingen.de\/wp\/index.php?rest_route=%2Fwp%2Fv2%2Ftags&post=12376"}],"curies":[{"name":"wp","href":"https:\/\/api.w.org\/{rel}","templated":true}]}}