{"id":13071,"date":"2018-11-27T17:45:15","date_gmt":"2018-11-27T16:45:15","guid":{"rendered":"https:\/\/www.handballratingen.de\/wp\/?p=13071"},"modified":"2018-11-27T17:45:15","modified_gmt":"2018-11-27T16:45:15","slug":"e-jugend-fuer-kreismeistertitel-durch-hauptverein-geehrt","status":"publish","type":"post","link":"https:\/\/www.handballratingen.de\/wp\/?p=13071","title":{"rendered":"E-Jugend f\u00fcr Kreismeistertitel durch Hauptverein geehrt"},"content":{"rendered":"<p>Im Rahmen der diesj\u00e4hrigen Sportlerehrung des TV Ratingen wurde die Handball-E-Jugend der Saison 2017\/18 f\u00fcr den souver\u00e4nen Gewinn der Kreismeisterschaft im Handballkreis D\u00fcsseldorf ausgezeichnet. Vorstand und Pr\u00e4sidium ehrten am Samstag in der Vereinsturnhalle am Stadionring das Team um Trainer Jan-Phillip Czernitzki und Augustinus K\u00fcnzel und \u00fcberreichten kleine Pr\u00e4sente. F\u00fcr die Jungs und M\u00e4dels nat\u00fcrlich ein Ansporn, auch in der laufenden Spielzeit ihr Bestes im Trikot des TV auf der Platte zu geben. Wir sagen noch einmal herzlichen Gl\u00fcckwunsch.<\/p>\n","protected":false},"excerpt":{"rendered":"<p>Im Rahmen der diesj\u00e4hrigen Sportlerehrung des TV Ratingen wurde die Handball-E-Jugend der Saison 2017\/18 f\u00fcr den souver\u00e4nen Gewinn der Kreismeisterschaft im Handballkreis D\u00fcsseldorf ausgezeichnet. Vorstand und Pr\u00e4sidium ehrten am Samstag in der Vereinsturnhalle am Stadionring das Team um Trainer Jan-Phillip Czernitzki und Augustinus K\u00fcnzel und \u00fcberreichten kleine Pr\u00e4sente. F\u00fcr die  [&#8230;]<\/p>\n","protected":false},"author":24,"featured_media":13072,"comment_status":"closed","ping_status":"open","sticky":false,"template":"","format":"standard","meta":{"ngg_post_thumbnail":0,"jetpack_post_was_ever_published":false,"_jetpack_newsletter_access":"","_jetpack_dont_email_post_to_subs":false,"_jetpack_newsletter_tier_id":0,"_jetpack_memberships_contains_paywalled_content":false,"_jetpack_memberships_contains_paid_content":false,"footnotes":"","jetpack_publicize_message":"","jetpack_publicize_feature_enabled":true,"jetpack_social_post_already_shared":true,"jetpack_social_options":{"image_generator_settings":{"template":"highway","default_image_id":0,"font":"","enabled":false},"version":2}},"categories":[25],"tags":[],"class_list":["post-13071","post","type-post","status-publish","format-standard","has-post-thumbnail","hentry","category-e-jugend"],"jetpack_publicize_connections":[],"jetpack_featured_media_url":"https:\/\/www.handballratingen.de\/wp\/wp-content\/uploads\/2018\/11\/IMG_2733.jpg","jetpack_sharing_enabled":true,"jetpack_shortlink":"https:\/\/wp.me\/p4Z74q-3oP","_links":{"self":[{"href":"https:\/\/www.handballratingen.de\/wp\/index.php?rest_route=\/wp\/v2\/posts\/13071","targetHints":{"allow":["GET"]}}],"collection":[{"href":"https:\/\/www.handballratingen.de\/wp\/index.php?rest_route=\/wp\/v2\/posts"}],"about":[{"href":"https:\/\/www.handballratingen.de\/wp\/index.php?rest_route=\/wp\/v2\/types\/post"}],"author":[{"embeddable":true,"href":"https:\/\/www.handballratingen.de\/wp\/index.php?rest_route=\/wp\/v2\/users\/24"}],"replies":[{"embeddable":true,"href":"https:\/\/www.handballratingen.de\/wp\/index.php?rest_route=%2Fwp%2Fv2%2Fcomments&post=13071"}],"version-history":[{"count":1,"href":"https:\/\/www.handballratingen.de\/wp\/index.php?rest_route=\/wp\/v2\/posts\/13071\/revisions"}],"predecessor-version":[{"id":13073,"href":"https:\/\/www.handballratingen.de\/wp\/index.php?rest_route=\/wp\/v2\/posts\/13071\/revisions\/13073"}],"wp:featuredmedia":[{"embeddable":true,"href":"https:\/\/www.handballratingen.de\/wp\/index.php?rest_route=\/wp\/v2\/media\/13072"}],"wp:attachment":[{"href":"https:\/\/www.handballratingen.de\/wp\/index.php?rest_route=%2Fwp%2Fv2%2Fmedia&parent=13071"}],"wp:term":[{"taxonomy":"category","embeddable":true,"href":"https:\/\/www.handballratingen.de\/wp\/index.php?rest_route=%2Fwp%2Fv2%2Fcategories&post=13071"},{"taxonomy":"post_tag","embeddable":true,"href":"https:\/\/www.handballratingen.de\/wp\/index.php?rest_route=%2Fwp%2Fv2%2Ftags&post=13071"}],"curies":[{"name":"wp","href":"https:\/\/api.w.org\/{rel}","templated":true}]}}