{"id":1325,"date":"2013-09-24T15:33:21","date_gmt":"2013-09-24T13:33:21","guid":{"rendered":"http:\/\/handballratingen.de\/wp\/?p=1325"},"modified":"2019-02-21T13:47:34","modified_gmt":"2019-02-21T12:47:34","slug":"tvr3-gibt-einstand-in-die-kreisliga","status":"publish","type":"post","link":"https:\/\/www.handballratingen.de\/wp\/?p=1325","title":{"rendered":"TVR 3 gibt Einstand in der Kreisliga"},"content":{"rendered":"<p style=\"text-align: justify;\"><a href=\"http:\/\/handballratingen.de\/wp\/wp-content\/uploads\/2013\/09\/k-20130921-_ABR7361.jpg\"><img decoding=\"async\" class=\"alignleft size-medium wp-image-1326\" alt=\"k-20130921-_ABR7361\" src=\"http:\/\/handballratingen.de\/wp\/wp-content\/uploads\/2013\/09\/k-20130921-_ABR7361-300x199.jpg\" width=\"300\" height=\"199\" srcset=\"https:\/\/www.handballratingen.de\/wp\/wp-content\/uploads\/2013\/09\/k-20130921-_ABR7361-300x199.jpg 300w, https:\/\/www.handballratingen.de\/wp\/wp-content\/uploads\/2013\/09\/k-20130921-_ABR7361.jpg 900w\" sizes=\"(max-width: 300px) 100vw, 300px\" \/><\/a>Nach einem arbeitsreichen Handballtag hinterlie\u00df\u00a0 die dritte Herrenmannschaft ihre Duftmarke in der heimischen Halle am Europaring gegen den Gast aus Eller, nahm zwei Punkte mit und schloss den Europaring ab.<\/p>\n<p style=\"text-align: justify;\">\u00a0Begleitet von 50 hartgesottenden Fans gaben die Herren ihren Einstand in der Kreisliga.<\/p>\n<p style=\"text-align: justify;\">Mit einem vollen Kader von 13 Spielern ging man recht zuversichtlich ins Spiel. Der Gast trat mit 9 \u00fcberraschend jungen Spielern an. Das Spiel begann ein wenig z\u00e4h, da man nicht zum Tempospiel kam. Immer wieder fing man sich in der Abwehr leichte Gegentore durch\u00a0 gleiche Spielz\u00fcge der Elleraner. Die anschlie\u00dfende &#8222;schnelle Mitte&#8220; griff nicht, weil die G\u00e4ste sehr schnell in der Abwehr standen. Bis zum 3:3 blieb es beim Gleichstand. Dennoch fing sich die Abwehr kurzfristig und man konnte sich bis auf 8:5 absetzen. Nur, um dann wieder in den alten Trott zu verfallen. Schon stand es wieder 8:8. Ein &#8222;Timeout&#8220; musste her. Auf einigen Positionen stellte Trainer M\u00fchrmann um. Die offensive Deckung wurde zur\u00fcckgezogen. Das f\u00fchrte zu einer Halbzeitf\u00fchrung von 15:12. Diese war allerdings alles andere als souver\u00e4n zustande gekommen. Obwohl man relativ sicher f\u00fchrte gingen der Trainer und die Spieler sehr unzufrieden in die Kabine.<br \/>\n&#8222;Da habe ich wohl genau die richtigen Worte gefunden.&#8220; gibt M\u00fchrmann auf Nachfrage an.<br \/>\nMit neuer Motivation ging es in die zweite Spielh\u00e4lfte. \u201eDie Ansage hat gezogen\u201c, gibt\u00a0 M\u00fchrmann weiter an. Man sah, dass alle Spa\u00df hatten. In der Deckung wurde konsequent zugepackt. Die Arme waren da. Dadurch konnte der Torwart die W\u00fcrfe besser berechnen und halten. Im Angriff lief der Ball und die W\u00fcrfe passten. Beim 19:12 war die Partie im Grunde &#8222;gegessen&#8220;. Eller lie\u00df in Sachen Kondition, Konzentration und am Ende der Partie wohl auch mit der Motivation nach. Aus diesem Grund ging der Sieg mit 30:18 auch in dieser H\u00f6he voll in Ordnung.<br \/>\n\u201eDie zweite H\u00e4lfte hat mich dann total \u00fcberzeugt\u201c, gibt M\u00fchrmann freudig zu verstehen. Michael Terwint hat in der Abwehr dem Leader von Eller endg\u00fcltig den Zahn gezogen. Janosch Kr\u00fcger im Tor hatte nun endlich die Abwehr die er brauchte um auch ordentlich zu halten. Tolle Tempogegensto\u00df-P\u00e4sse hat er\u00a0 geworfen. Julian Bachert hat einen tollen Ball als Mittelmann gespielt und Raphael Zietz hatte nat\u00fcrlich einen Sahnetag mit 10 Toren.<br \/>\nTrainer M\u00fchrmann hofft, das die Mannschaft das gute Gef\u00fchl mit zum n\u00e4chsten Spiel nach Gerresheim nimmt.<\/p>\n<p style=\"text-align: justify;\">Samstag um 17 Uhr ist Spielbeginn an der Gr\u00e4ulinger Str. in Gerresheim. Im letzten Jahr verlor man dort klar und konnte im R\u00fcckspiel in Ratingen trotz der besten Saisonleistung leider nicht gewinnen. Aber warum soll es jetzt nicht mal klappen.<\/p>\n<p style=\"text-align: justify;\">Aufstellung:<br \/>\nTor: Janosch Kr\u00fcger<br \/>\nFeld: Josch Kromoczinski (3) \/ Jan Hinzer (3) \/ Chris D\u00f6ringer \/ Frank Adam (1) \/ Andre Nowak \/ Christian Zietz (4) \/ Christopher Choinka (4) \/ Raphael Zietz (10) \/ Michael Terwint \/ Marcel Egert (4) \/ Daniel Strohschein (1) \/ Julian Bachert<\/p>\n","protected":false},"excerpt":{"rendered":"<p>Nach einem arbeitsreichen Handballtag hinterlie\u00df\u00a0 die dritte Herrenmannschaft ihre Duftmarke in der heimischen Halle am Europaring gegen den Gast aus Eller, nahm zwei Punkte mit und schloss den Europaring ab. \u00a0Begleitet von 50 hartgesottenden Fans gaben die Herren ihren Einstand in der Kreisliga. Mit einem vollen Kader von 13 Spielern  [&#8230;]<\/p>\n","protected":false},"author":1,"featured_media":0,"comment_status":"closed","ping_status":"open","sticky":false,"template":"","format":"standard","meta":{"ngg_post_thumbnail":0,"jetpack_post_was_ever_published":false,"_jetpack_newsletter_access":"","_jetpack_dont_email_post_to_subs":false,"_jetpack_newsletter_tier_id":0,"_jetpack_memberships_contains_paywalled_content":false,"_jetpack_memberships_contains_paid_content":false,"footnotes":"","jetpack_publicize_message":"","jetpack_publicize_feature_enabled":true,"jetpack_social_post_already_shared":false,"jetpack_social_options":{"image_generator_settings":{"template":"highway","default_image_id":0,"font":"","enabled":false},"version":2}},"categories":[13,1],"tags":[],"class_list":["post-1325","post","type-post","status-publish","format-standard","hentry","category-3-herren","category-allgemein"],"jetpack_publicize_connections":[],"jetpack_featured_media_url":"","jetpack_sharing_enabled":true,"jetpack_shortlink":"https:\/\/wp.me\/p4Z74q-ln","_links":{"self":[{"href":"https:\/\/www.handballratingen.de\/wp\/index.php?rest_route=\/wp\/v2\/posts\/1325","targetHints":{"allow":["GET"]}}],"collection":[{"href":"https:\/\/www.handballratingen.de\/wp\/index.php?rest_route=\/wp\/v2\/posts"}],"about":[{"href":"https:\/\/www.handballratingen.de\/wp\/index.php?rest_route=\/wp\/v2\/types\/post"}],"author":[{"embeddable":true,"href":"https:\/\/www.handballratingen.de\/wp\/index.php?rest_route=\/wp\/v2\/users\/1"}],"replies":[{"embeddable":true,"href":"https:\/\/www.handballratingen.de\/wp\/index.php?rest_route=%2Fwp%2Fv2%2Fcomments&post=1325"}],"version-history":[{"count":6,"href":"https:\/\/www.handballratingen.de\/wp\/index.php?rest_route=\/wp\/v2\/posts\/1325\/revisions"}],"predecessor-version":[{"id":1394,"href":"https:\/\/www.handballratingen.de\/wp\/index.php?rest_route=\/wp\/v2\/posts\/1325\/revisions\/1394"}],"wp:attachment":[{"href":"https:\/\/www.handballratingen.de\/wp\/index.php?rest_route=%2Fwp%2Fv2%2Fmedia&parent=1325"}],"wp:term":[{"taxonomy":"category","embeddable":true,"href":"https:\/\/www.handballratingen.de\/wp\/index.php?rest_route=%2Fwp%2Fv2%2Fcategories&post=1325"},{"taxonomy":"post_tag","embeddable":true,"href":"https:\/\/www.handballratingen.de\/wp\/index.php?rest_route=%2Fwp%2Fv2%2Ftags&post=1325"}],"curies":[{"name":"wp","href":"https:\/\/api.w.org\/{rel}","templated":true}]}}