{"id":1521,"date":"2013-10-13T15:25:30","date_gmt":"2013-10-13T13:25:30","guid":{"rendered":"http:\/\/handballratingen.de\/wp\/?p=1521"},"modified":"2019-02-21T13:47:29","modified_gmt":"2019-02-21T12:47:29","slug":"b-jugend-laesst-sich-vorfuehren-1813-verloren","status":"publish","type":"post","link":"https:\/\/www.handballratingen.de\/wp\/?p=1521","title":{"rendered":"B-Jugend l\u00e4sst sich vorf\u00fchren| 18:13 verloren."},"content":{"rendered":"<p style=\"text-align: justify\"><a href=\"http:\/\/handballratingen.de\/wp\/wp-content\/uploads\/2013\/10\/sieger-der-herzen.jpg\"><img decoding=\"async\" class=\"alignleft size-medium wp-image-1523\" alt=\"sieger der herzen\" src=\"http:\/\/handballratingen.de\/wp\/wp-content\/uploads\/2013\/10\/sieger-der-herzen-300x300.jpg\" width=\"300\" height=\"300\" srcset=\"https:\/\/www.handballratingen.de\/wp\/wp-content\/uploads\/2013\/10\/sieger-der-herzen-66x66.jpg 66w, https:\/\/www.handballratingen.de\/wp\/wp-content\/uploads\/2013\/10\/sieger-der-herzen-150x150.jpg 150w, https:\/\/www.handballratingen.de\/wp\/wp-content\/uploads\/2013\/10\/sieger-der-herzen-300x300.jpg 300w, https:\/\/www.handballratingen.de\/wp\/wp-content\/uploads\/2013\/10\/sieger-der-herzen.jpg 403w\" sizes=\"(max-width: 300px) 100vw, 300px\" \/><\/a>Frohen Mutes fuhr die bis dato noch verlustpunktfreie B-Jgd.des TVR\u00a0zum Spiel nach D\u00fcsseldorf. Nach der Galavorstellung gegen Haan wollten die Spieler eigentlich die &#8222;wei\u00dfe Weste&#8220; mit in die Herbstferien nehmen. Es sollte alles anders kommen.\u00a0Die Ratinger hatten das Spiel in der Anfangsphase im Griff. Eine 2:0 F\u00fchrung gab Sicherheit. Ohne viel M\u00fche h\u00e4tte\u00a0der Vorsprung\u00a0ausgebaut werden k\u00f6nnen. Beste Chancen wurden\u00a0kl\u00e4glich vergeben. Das Spiel pl\u00e4tscherte so vor sich hin, und TuSA 06 wurde aufgrund der Unzul\u00e4nglichkeiten der Ratinger immer st\u00e4rker. &#8220; Wir haben die D\u00fcsseldorfer mit unserer Spielqualit\u00e4t stark gemacht&#8220;, gibt Trainer Oberwinster zu verstehen.<\/p>\n<p style=\"text-align: justify\">Eine\u00a06:3 F\u00fchrung\u00a0wurde leichtfertig aus der Hand gegeben. So stand es zur Halbzeit 7:6 f\u00fcr die Gr\u00fcn Wei\u00dfen. In der Halbzeitpause versuchte der Trainer\u00a0die Spieler aus ihrem Standby Modus wach zu r\u00fctteln. Trotz Kabinenansage war an diesem Spieltag nichts zu machen. Wie in der ersten H\u00e4lfte kam es auch in der folgenden Spielh\u00e4lfte zu technische Fehler, mangelnde\u00a0Verwertung bester Einschussm\u00f6glichkeiten. Hinzu kam, \u00a0das die Abwehr mit den einlaufenden &#8222;Aussen&#8220; der D\u00fcsseldorfer nicht zurecht kam\u00a0. Die Umstellung auf\u00a0eine 5:1 Abwehr brachte auch keine Besserung. \u00dcber ein 9:9 ging TuSA zum ersten mal mit 10:9 in F\u00fchrung die dann auf 14:10 ausgebaut wurde.\u00a0Kollektives Versagen war nun die Folge.\u00a0Endstand 18:13!<\/p>\n<p style=\"text-align: justify\">Trainer Stefan Oberwinster war sichtlich geschockt \u00fcber die abgelieferte Leistung und \u00e4u\u00dfert harte Worte: &#8222;Ich h\u00e4tte\u00a0das nach dem Spiel gegen Haan nicht f\u00fcr m\u00f6glich gehalten.\u00a0Heute hat die Mannschaft\u00a0ein unterirdisches Spiel abgeliefert. Wir h\u00e4tten noch Stunden spielen k\u00f6nnen. 13 erzielte Tore\u00a0sagen eigentlich alles \u00fcber unsere Angriffsleistung aus.<\/p>\n<p style=\"text-align: justify\">\n<p><span style=\"text-decoration: underline\"><em>Tor:<\/em><\/span> Jakob Loecker\u00a0<em><span style=\"text-decoration: underline\">Feld<\/span>:\u00a0<\/em>Felix Bachert (2)\u00a0Tim Haupt (1)\u00a0Daniel Sandvoss (1)\u00a0Hendrik Averdick (1)\u00a0Berg Paul (4)\u00a0Jannik Lucius\u00a0Kevin Jaenich\u00a0Tobias Wenzel (1)\u00a0Jonas Oberwinster (3)\u00a0Christopher Orlowicz (n.E)<\/p>\n<p style=\"text-align: justify\"><strong>Am 09. November l\u00e4dt die TVR B-Jugend zum Heimderby gegen TuS Lintorf , zu Hause am Europaring , ein. Anwurf ist um 18:15 Uhr.<\/strong><\/p>\n","protected":false},"excerpt":{"rendered":"<p>Frohen Mutes fuhr die bis dato noch verlustpunktfreie B-Jgd.des TVR\u00a0zum Spiel nach D\u00fcsseldorf. Nach der Galavorstellung gegen Haan wollten die Spieler eigentlich die &#8222;wei\u00dfe Weste&#8220; mit in die Herbstferien nehmen. Es sollte alles anders kommen.\u00a0Die Ratinger hatten das Spiel in der Anfangsphase im Griff. Eine 2:0 F\u00fchrung gab Sicherheit. Ohne  [&#8230;]<\/p>\n","protected":false},"author":1,"featured_media":0,"comment_status":"closed","ping_status":"open","sticky":false,"template":"","format":"standard","meta":{"ngg_post_thumbnail":0,"jetpack_post_was_ever_published":false,"_jetpack_newsletter_access":"","_jetpack_dont_email_post_to_subs":false,"_jetpack_newsletter_tier_id":0,"_jetpack_memberships_contains_paywalled_content":false,"_jetpack_memberships_contains_paid_content":false,"footnotes":"","jetpack_publicize_message":"","jetpack_publicize_feature_enabled":true,"jetpack_social_post_already_shared":false,"jetpack_social_options":{"image_generator_settings":{"template":"highway","default_image_id":0,"font":"","enabled":false},"version":2}},"categories":[19],"tags":[],"class_list":["post-1521","post","type-post","status-publish","format-standard","hentry","category-b-jugend"],"jetpack_publicize_connections":[],"jetpack_featured_media_url":"","jetpack_sharing_enabled":true,"jetpack_shortlink":"https:\/\/wp.me\/p4Z74q-ox","_links":{"self":[{"href":"https:\/\/www.handballratingen.de\/wp\/index.php?rest_route=\/wp\/v2\/posts\/1521","targetHints":{"allow":["GET"]}}],"collection":[{"href":"https:\/\/www.handballratingen.de\/wp\/index.php?rest_route=\/wp\/v2\/posts"}],"about":[{"href":"https:\/\/www.handballratingen.de\/wp\/index.php?rest_route=\/wp\/v2\/types\/post"}],"author":[{"embeddable":true,"href":"https:\/\/www.handballratingen.de\/wp\/index.php?rest_route=\/wp\/v2\/users\/1"}],"replies":[{"embeddable":true,"href":"https:\/\/www.handballratingen.de\/wp\/index.php?rest_route=%2Fwp%2Fv2%2Fcomments&post=1521"}],"version-history":[{"count":3,"href":"https:\/\/www.handballratingen.de\/wp\/index.php?rest_route=\/wp\/v2\/posts\/1521\/revisions"}],"predecessor-version":[{"id":1526,"href":"https:\/\/www.handballratingen.de\/wp\/index.php?rest_route=\/wp\/v2\/posts\/1521\/revisions\/1526"}],"wp:attachment":[{"href":"https:\/\/www.handballratingen.de\/wp\/index.php?rest_route=%2Fwp%2Fv2%2Fmedia&parent=1521"}],"wp:term":[{"taxonomy":"category","embeddable":true,"href":"https:\/\/www.handballratingen.de\/wp\/index.php?rest_route=%2Fwp%2Fv2%2Fcategories&post=1521"},{"taxonomy":"post_tag","embeddable":true,"href":"https:\/\/www.handballratingen.de\/wp\/index.php?rest_route=%2Fwp%2Fv2%2Ftags&post=1521"}],"curies":[{"name":"wp","href":"https:\/\/api.w.org\/{rel}","templated":true}]}}