{"id":16300,"date":"2019-09-25T12:43:44","date_gmt":"2019-09-25T11:43:44","guid":{"rendered":"https:\/\/www.handballratingen.de\/wp\/?p=16300"},"modified":"2019-09-25T12:43:44","modified_gmt":"2019-09-25T11:43:44","slug":"dritte-herren-verliert-in-reuschenberg","status":"publish","type":"post","link":"https:\/\/www.handballratingen.de\/wp\/?p=16300","title":{"rendered":"Dritte Herren verliert in Reuschenberg"},"content":{"rendered":"<p><span style=\"font-size: 10.0pt; font-family: 'Arial',sans-serif;\">Am Sonntag gastierte die Dritte Mannschaft des TV Ratingen in Neuss beim TuS Reuschenberg. Beim Aufsteiger aus der Kreisliga setzte es eine 26:24 Niederlage.<\/span><\/p>\n<p><span style=\"font-size: 10.0pt; font-family: 'Arial',sans-serif;\">Die Motivation und die Lust auf die ersten Punkte in der noch jungen Saison waren in der Kabine gro\u00df. Doch leider war beim Anpfiff davon zun\u00e4chst nicht mehr viel \u00fcbrig. Die ersten Minuten konnten die Jungs vom Europaring noch ausgeglichen gestalten (1:1 \/ 2:2 \/ 3:3), ehe der erste kleine Bruch ins Spiel kam. \u00dcberhastete Angriffe und individuelle Fehler spielten dem Gastgeber in die Karten, der sich ein erstes kleines Polster herausspielen konnte (5:3 \/ 9:4 \/ 11:5). Doch die Moral der Dritten stimmt und so schaffte man es sich wieder zusammenzurei\u00dfen und eine erste kleine Aufholjagd zu starten (12:7 \/ 13:9 \/ 13:11). Beim Stand von 14:11 wurden die Seiten gewechselt und in der Kabine das Vorgehen f\u00fcr den zweiten Abschnitt besprochen &#8211; an die letzten 15 Minuten ankn\u00fcpfen und das Spiel drehen!<\/span><\/p>\n<p><span style=\"font-size: 10.0pt; font-family: 'Arial',sans-serif;\">Allerdings scheint der Kabinengang der Dritten nicht gut zu bekommen. Innerhalb von zehn Minuten setzte sich die Heimmannschaft auf 21:14 ab. Bei diesem Spielstand machten die Reuschenberger wohl innerlich einen Haken hinter das Match und waren der \u00dcberzeugung, die Partie f\u00fcr sich entschieden zu haben. Doch die Truppe um Trainer Christian Zietz glaubte weiterhin an ihre Chance, aus dem Spiel etwas Z\u00e4hlbares mitzunehmen und k\u00e4mpfte sich Tor um Tor zur\u00fcck in dieses Spiel (21:17 \/ 23:20 \/ 24:22). Anderthalb Minuten vor Schluss schafften die Gr\u00fcn- Wei\u00dfen sogar den Anschlusstreffer zum 25:24 und Torwart Dirk Rottsch\u00e4fer konnte einen Siebenmeter der Neusser entsch\u00e4rfen. Allerdings landete der Abpraller wieder bei beim Sch\u00fctzen der durch ein Foul einen weiteren Strafwurf zugesprochen bekam &#8211; 26:24. Die letzte Minute in doppelter Unterzahl brachte leider keinen weiteren Treffer f\u00fcr aufopfernd k\u00e4mpfende Dumeklemmer. <\/span><\/p>\n<p><span style=\"font-size: 10.0pt; font-family: 'Arial',sans-serif;\">\u201eWir haben heute die ersten 12 Minuten in beiden Halbzeiten richtig vermasselt! Das muss sich schnellstm\u00f6glich \u00e4ndern, ansonsten wird es eine \u00e4hnlich schwierige Saison wie im letzten Jahr\u201c, blickte ein frustrierter Christian Zietz zur\u00fcck. <\/span><\/p>\n<p><span style=\"font-size: 10.0pt; font-family: 'Arial',sans-serif;\">Die n\u00e4chste M\u00f6glichkeit auf die ersten Punkte bietet sich der Dritten am Samstag gegen die Freunde aus Oberkassel der HSG Jahn \/ West 05. Ansto\u00df am 28.09.2019, 18:00 Uhr, Lewitstr. 2, 40547 D\u00fcsseldorf (-cz)<\/span><\/p>\n<p><span style=\"font-size: 10.0pt; font-family: 'Arial',sans-serif;\">Es spielten:<\/span><\/p>\n<p><span style=\"font-size: 10.0pt; font-family: 'Arial',sans-serif;\">Tor: Janosch Kr\u00fcger, Dirk Rottsch\u00e4fer<\/span><\/p>\n<p><span style=\"font-size: 10.0pt; font-family: 'Arial',sans-serif;\">Feld: Jan Wittersheim (2), Frank Adam, Henning von der Groeben, David Fischer (1), Tim Holtkamp (1), Felix Pohlmeyer (1), Dennis Riebe (4\/2), Fabian Lenninghausen (5), Dirk Sartingen (5), Jan Philipp Czernitzky (3), Arne von Zedlitz- Neukirch, Raphael Zietz (2)<\/span><\/p>\n","protected":false},"excerpt":{"rendered":"<p>Am Sonntag gastierte die Dritte Mannschaft des TV Ratingen in Neuss beim TuS Reuschenberg. Beim Aufsteiger aus der Kreisliga setzte es eine 26:24 Niederlage. Die Motivation und die Lust auf die ersten Punkte in der noch jungen Saison waren in der Kabine gro\u00df. Doch leider war beim Anpfiff davon zun\u00e4chst  [&#8230;]<\/p>\n","protected":false},"author":1,"featured_media":12357,"comment_status":"closed","ping_status":"open","sticky":false,"template":"","format":"standard","meta":{"ngg_post_thumbnail":0,"jetpack_post_was_ever_published":false,"_jetpack_newsletter_access":"","_jetpack_dont_email_post_to_subs":false,"_jetpack_newsletter_tier_id":0,"_jetpack_memberships_contains_paywalled_content":false,"_jetpack_memberships_contains_paid_content":false,"footnotes":"","jetpack_publicize_message":"","jetpack_publicize_feature_enabled":true,"jetpack_social_post_already_shared":true,"jetpack_social_options":{"image_generator_settings":{"template":"highway","default_image_id":0,"font":"","enabled":false},"version":2}},"categories":[94],"tags":[],"class_list":["post-16300","post","type-post","status-publish","format-standard","has-post-thumbnail","hentry","category-3-damen"],"jetpack_publicize_connections":[],"jetpack_featured_media_url":"https:\/\/www.handballratingen.de\/wp\/wp-content\/uploads\/2018\/10\/IMG-20181006-WA0021.jpg","jetpack_sharing_enabled":true,"jetpack_shortlink":"https:\/\/wp.me\/p4Z74q-4eU","_links":{"self":[{"href":"https:\/\/www.handballratingen.de\/wp\/index.php?rest_route=\/wp\/v2\/posts\/16300","targetHints":{"allow":["GET"]}}],"collection":[{"href":"https:\/\/www.handballratingen.de\/wp\/index.php?rest_route=\/wp\/v2\/posts"}],"about":[{"href":"https:\/\/www.handballratingen.de\/wp\/index.php?rest_route=\/wp\/v2\/types\/post"}],"author":[{"embeddable":true,"href":"https:\/\/www.handballratingen.de\/wp\/index.php?rest_route=\/wp\/v2\/users\/1"}],"replies":[{"embeddable":true,"href":"https:\/\/www.handballratingen.de\/wp\/index.php?rest_route=%2Fwp%2Fv2%2Fcomments&post=16300"}],"version-history":[{"count":2,"href":"https:\/\/www.handballratingen.de\/wp\/index.php?rest_route=\/wp\/v2\/posts\/16300\/revisions"}],"predecessor-version":[{"id":16302,"href":"https:\/\/www.handballratingen.de\/wp\/index.php?rest_route=\/wp\/v2\/posts\/16300\/revisions\/16302"}],"wp:featuredmedia":[{"embeddable":true,"href":"https:\/\/www.handballratingen.de\/wp\/index.php?rest_route=\/wp\/v2\/media\/12357"}],"wp:attachment":[{"href":"https:\/\/www.handballratingen.de\/wp\/index.php?rest_route=%2Fwp%2Fv2%2Fmedia&parent=16300"}],"wp:term":[{"taxonomy":"category","embeddable":true,"href":"https:\/\/www.handballratingen.de\/wp\/index.php?rest_route=%2Fwp%2Fv2%2Fcategories&post=16300"},{"taxonomy":"post_tag","embeddable":true,"href":"https:\/\/www.handballratingen.de\/wp\/index.php?rest_route=%2Fwp%2Fv2%2Ftags&post=16300"}],"curies":[{"name":"wp","href":"https:\/\/api.w.org\/{rel}","templated":true}]}}