{"id":16426,"date":"2019-10-30T22:47:37","date_gmt":"2019-10-30T21:47:37","guid":{"rendered":"https:\/\/www.handballratingen.de\/wp\/?p=16426"},"modified":"2019-10-30T22:48:24","modified_gmt":"2019-10-30T21:48:24","slug":"c2-jugend-hellwach-in-der-zweiten-halbzeit","status":"publish","type":"post","link":"https:\/\/www.handballratingen.de\/wp\/?p=16426","title":{"rendered":"C2-Jugend: Hellwach in der zweiten Halbzeit"},"content":{"rendered":"<p>Zu ungewohnter Stunde, am heutigen Mittwochabend um 18.30 Uhr, traf die C2-Jugend des TV Ratingen auf die C-Jugend des HC Sterkrade 75.<\/p>\n<p>Scheinbar noch im Herbstferienmodus starteten beide Teams in das Spiel. Unsicherheiten auf beiden Seiten pr\u00e4gten die ersten Spielminuten. Die G\u00e4ste aus Oberhausen hatten dann ein Qu\u00e4ntchen mehr Gl\u00fcck und gingen mit 0:1 in F\u00fchrung. Das erste Tor der Gr\u00fcn-Wei\u00dfen war ein erfolgreicher Siebenmeter zum 1:1, relativ z\u00fcgig folgte dann ein Tempogegensto\u00df zum 2:1.&nbsp; Das gab den Jungs um Markus Fleig erst einmal etwas Sicherheit und f\u00fchrte zu einem gem\u00e4chlichen Schlagabtausch beider Teams. Am Ende der ersten Halbzeit hatten die Ratinger die Nase leicht vorne und verabschiedeten sich beim Spielstand von 8:5 in die Kabine. Viel blieb dem Trainer nicht zu sagen, wie immer war die Abwehrleistung, sowie die Leistung des Torwarts, sehr solide und der Angriff noch ausbauf\u00e4hig.<\/p>\n<p>Aber was auch immer er seinen Jungs noch mit auf den Weg gegeben hatte, es&nbsp; zeigte Wirkung. Eine hellwache Mannschaft startete in die zweite H\u00e4lfte.&nbsp; Die Abwehr stand weiterhin und im Angriff wurde man endlich mutiger.&nbsp; Eine lange Zeit lie\u00dfen die Ratinger Jungs den Gegner zur\u00fcck und bauten ihre F\u00fchrung kontinuierlich aus. Mehr oder weniger alle Ansagen des Trainers fanden Geh\u00f6r und wurden konsequent umgesetzt. 16 Mal fand der Ball in dieser Spielh\u00e4lfte den Weg ins Tor. Zu einigen guten Einzelaktionen kam, dass die Jungs vorbildlich als Team zusammen arbeiten. Diese Tatsache und der Wille, dieses Heimspiel&nbsp; zu gewinnen f\u00fchrte dazu, dass am Ende ein verdientes 24:11 auf der Anzeigetafel&nbsp; stand.&nbsp;<\/p>\n<p>An dieser Stelle auch ein gro\u00dfes Danke an Julian, Kjell und Valentin aus der D-Jugend, die heute wieder ausgeholfen haben und sich nahtlos in das Team eingef\u00fcgt haben, zum Teil auch auf ungewohnter Position. (-ps)<\/p>\n<p>Es spielten: Hugo (Tor), Valentin (Tor), Ben, Julian, Kaspar, Kjell, Leo, Philip, Ron, Sami und Samuel<\/p>\n","protected":false},"excerpt":{"rendered":"<p>Zu ungewohnter Stunde, am heutigen Mittwochabend um 18.30 Uhr, traf die C2-Jugend des TV Ratingen auf die C-Jugend des HC Sterkrade 75. Scheinbar noch im Herbstferienmodus starteten beide Teams in das Spiel. Unsicherheiten auf beiden Seiten pr\u00e4gten die ersten Spielminuten. Die G\u00e4ste aus Oberhausen hatten dann ein Qu\u00e4ntchen mehr Gl\u00fcck  [&#8230;]<\/p>\n","protected":false},"author":24,"featured_media":16427,"comment_status":"closed","ping_status":"open","sticky":false,"template":"","format":"standard","meta":{"ngg_post_thumbnail":0,"jetpack_post_was_ever_published":false,"_jetpack_newsletter_access":"","_jetpack_dont_email_post_to_subs":false,"_jetpack_newsletter_tier_id":0,"_jetpack_memberships_contains_paywalled_content":false,"_jetpack_memberships_contains_paid_content":false,"footnotes":"","jetpack_publicize_message":"","jetpack_publicize_feature_enabled":true,"jetpack_social_post_already_shared":true,"jetpack_social_options":{"image_generator_settings":{"template":"highway","default_image_id":0,"font":"","enabled":false},"version":2}},"categories":[21],"tags":[],"class_list":["post-16426","post","type-post","status-publish","format-standard","has-post-thumbnail","hentry","category-c-jugend"],"jetpack_publicize_connections":[],"jetpack_featured_media_url":"https:\/\/www.handballratingen.de\/wp\/wp-content\/uploads\/2019\/10\/IMG-20191030-WA0025.jpg","jetpack_sharing_enabled":true,"jetpack_shortlink":"https:\/\/wp.me\/p4Z74q-4gW","_links":{"self":[{"href":"https:\/\/www.handballratingen.de\/wp\/index.php?rest_route=\/wp\/v2\/posts\/16426","targetHints":{"allow":["GET"]}}],"collection":[{"href":"https:\/\/www.handballratingen.de\/wp\/index.php?rest_route=\/wp\/v2\/posts"}],"about":[{"href":"https:\/\/www.handballratingen.de\/wp\/index.php?rest_route=\/wp\/v2\/types\/post"}],"author":[{"embeddable":true,"href":"https:\/\/www.handballratingen.de\/wp\/index.php?rest_route=\/wp\/v2\/users\/24"}],"replies":[{"embeddable":true,"href":"https:\/\/www.handballratingen.de\/wp\/index.php?rest_route=%2Fwp%2Fv2%2Fcomments&post=16426"}],"version-history":[{"count":3,"href":"https:\/\/www.handballratingen.de\/wp\/index.php?rest_route=\/wp\/v2\/posts\/16426\/revisions"}],"predecessor-version":[{"id":16430,"href":"https:\/\/www.handballratingen.de\/wp\/index.php?rest_route=\/wp\/v2\/posts\/16426\/revisions\/16430"}],"wp:featuredmedia":[{"embeddable":true,"href":"https:\/\/www.handballratingen.de\/wp\/index.php?rest_route=\/wp\/v2\/media\/16427"}],"wp:attachment":[{"href":"https:\/\/www.handballratingen.de\/wp\/index.php?rest_route=%2Fwp%2Fv2%2Fmedia&parent=16426"}],"wp:term":[{"taxonomy":"category","embeddable":true,"href":"https:\/\/www.handballratingen.de\/wp\/index.php?rest_route=%2Fwp%2Fv2%2Fcategories&post=16426"},{"taxonomy":"post_tag","embeddable":true,"href":"https:\/\/www.handballratingen.de\/wp\/index.php?rest_route=%2Fwp%2Fv2%2Ftags&post=16426"}],"curies":[{"name":"wp","href":"https:\/\/api.w.org\/{rel}","templated":true}]}}