{"id":1645,"date":"2013-11-03T16:38:11","date_gmt":"2013-11-03T14:38:11","guid":{"rendered":"http:\/\/handballratingen.de\/wp\/?p=1645"},"modified":"2019-02-21T13:47:29","modified_gmt":"2019-02-21T12:47:29","slug":"tvr-2-hat-mit-teamgeist-gekaempft","status":"publish","type":"post","link":"https:\/\/www.handballratingen.de\/wp\/?p=1645","title":{"rendered":"TVR 2 hat mit Teamgeist gek\u00e4mpft"},"content":{"rendered":"<p style=\"text-align: justify\"><a href=\"http:\/\/handballratingen.de\/wp\/wp-content\/uploads\/2013\/11\/k-TVR-2-1-von-20.jpg\"><img decoding=\"async\" class=\"alignleft size-medium wp-image-1647\" alt=\"k-TVR 2 (1 von 20)\" src=\"http:\/\/handballratingen.de\/wp\/wp-content\/uploads\/2013\/11\/k-TVR-2-1-von-20-300x199.jpg\" width=\"300\" height=\"199\" srcset=\"https:\/\/www.handballratingen.de\/wp\/wp-content\/uploads\/2013\/11\/k-TVR-2-1-von-20-300x199.jpg 300w, https:\/\/www.handballratingen.de\/wp\/wp-content\/uploads\/2013\/11\/k-TVR-2-1-von-20.jpg 900w\" sizes=\"(max-width: 300px) 100vw, 300px\" \/><\/a>Am Samstagabend gastierte der Tabellenvierte am Europaring.\u00a0Styrum wollte den Tabellenplatz festigen und Ratingen nach einer Durststrecke die n\u00e4chsten Heimpunkte\u00a0einfahren. Weiterhin konnte die II zum ersten Mal in dieser Saison auf einen kompletten Kader zur\u00fcckgreifen.\u00a0Die Vorzeichen konnten also nicht besser f\u00fcr eine spannende Partie stehen.\u00a0Hochmotiviert ging man in die Begegnung und es entwickelte sich in den ersten 20 Minuten ein Kopf an Kopf rennen.\u00a0Die F\u00fchrung wechselte bis zum Stande von 9:9 st\u00e4ndig. Dann schlichen sich kleine Fehler im Angriff ein welche Styrum\u00a0sofort ausnutzte und kurz Ende der Halbzeit zu einem 13:18 ausbaute.<\/p>\n<p style=\"text-align: justify\">In der Halbzeit wurden die richtigen Worte gefunden und die 2te Halbzeit begann furios. Ratingen k\u00e4mpfte sich bis zur 40 Minute\u00a0an ein 19:20 heran. Styrum hielt erneut dagegen und konnte sich kurzzeitig auf ein 20:24 absetzen. Doch abermals kam die 2te\u00a0zur\u00fcck ins Spiel und konnte in der 53 Minute mit 26:25 in F\u00fchrung gehen. \u00a0Leider wurden in dieser Phase 2 Tempogegenst\u00f6\u00dfe und ein 7Meter verworfen und jedesmal nutzte Styrum erneut diese Phase um\u00a0das Spiel zu drehen. So konnte durch eine offene Abwehr noch einmal aufgeschlossen werden aber leider reichte es nicht mehr\u00a0um einen Punkt am Europaring zu halten.<\/p>\n<p style=\"text-align: justify\">Fazit: Die zweite Halbzeit haben wir gewonnen, so Trainer Tom Strack, aber davon k\u00f6nnen wir uns nichts kaufen und bekommen\u00a0keinen Punkt geschenkt. Die k\u00e4mpferische Einstellung der Mannschaft stimmt mich positiv und auch, wenn im Moment der Niederlage\u00a0die K\u00f6pfe herunterh\u00e4ngen hei\u00dft es, Mund abwischen, aufstehen und weiterk\u00e4mpfen. Gerade jetzt erkennt man, das die Mannschaft\u00a0nicht nur bei einem Sieg sondern auch bei Niederlagen zusammensteht.<\/p>\n<p style=\"text-align: justify\">N\u00e4chste Woche beim TV Cronenberg erwartet uns ein&#8220;4Punkte-Spiel&#8220;.\u00a0Cronenberg konnte, bedingt durch fehlende Schiedsrichter, nicht ins Ligaleben an diesem Wochenende eingreifen.<\/p>\n<p style=\"text-align: justify\">Endergebnis: \u00a0TV Ratingen II &#8211; DJK Styrum 06\u00a0 (13:18) 29:30<\/p>\n","protected":false},"excerpt":{"rendered":"<p>Am Samstagabend gastierte der Tabellenvierte am Europaring.\u00a0Styrum wollte den Tabellenplatz festigen und Ratingen nach einer Durststrecke die n\u00e4chsten Heimpunkte\u00a0einfahren. Weiterhin konnte die II zum ersten Mal in dieser Saison auf einen kompletten Kader zur\u00fcckgreifen.\u00a0Die Vorzeichen konnten also nicht besser f\u00fcr eine spannende Partie stehen.\u00a0Hochmotiviert ging man in die Begegnung und  [&#8230;]<\/p>\n","protected":false},"author":1,"featured_media":0,"comment_status":"closed","ping_status":"open","sticky":false,"template":"","format":"standard","meta":{"ngg_post_thumbnail":0,"jetpack_post_was_ever_published":false,"_jetpack_newsletter_access":"","_jetpack_dont_email_post_to_subs":false,"_jetpack_newsletter_tier_id":0,"_jetpack_memberships_contains_paywalled_content":false,"_jetpack_memberships_contains_paid_content":false,"footnotes":"","jetpack_publicize_message":"","jetpack_publicize_feature_enabled":true,"jetpack_social_post_already_shared":false,"jetpack_social_options":{"image_generator_settings":{"template":"highway","default_image_id":0,"font":"","enabled":false},"version":2}},"categories":[11],"tags":[],"class_list":["post-1645","post","type-post","status-publish","format-standard","hentry","category-2-herren"],"jetpack_publicize_connections":[],"jetpack_featured_media_url":"","jetpack_sharing_enabled":true,"jetpack_shortlink":"https:\/\/wp.me\/p4Z74q-qx","_links":{"self":[{"href":"https:\/\/www.handballratingen.de\/wp\/index.php?rest_route=\/wp\/v2\/posts\/1645","targetHints":{"allow":["GET"]}}],"collection":[{"href":"https:\/\/www.handballratingen.de\/wp\/index.php?rest_route=\/wp\/v2\/posts"}],"about":[{"href":"https:\/\/www.handballratingen.de\/wp\/index.php?rest_route=\/wp\/v2\/types\/post"}],"author":[{"embeddable":true,"href":"https:\/\/www.handballratingen.de\/wp\/index.php?rest_route=\/wp\/v2\/users\/1"}],"replies":[{"embeddable":true,"href":"https:\/\/www.handballratingen.de\/wp\/index.php?rest_route=%2Fwp%2Fv2%2Fcomments&post=1645"}],"version-history":[{"count":2,"href":"https:\/\/www.handballratingen.de\/wp\/index.php?rest_route=\/wp\/v2\/posts\/1645\/revisions"}],"predecessor-version":[{"id":1649,"href":"https:\/\/www.handballratingen.de\/wp\/index.php?rest_route=\/wp\/v2\/posts\/1645\/revisions\/1649"}],"wp:attachment":[{"href":"https:\/\/www.handballratingen.de\/wp\/index.php?rest_route=%2Fwp%2Fv2%2Fmedia&parent=1645"}],"wp:term":[{"taxonomy":"category","embeddable":true,"href":"https:\/\/www.handballratingen.de\/wp\/index.php?rest_route=%2Fwp%2Fv2%2Fcategories&post=1645"},{"taxonomy":"post_tag","embeddable":true,"href":"https:\/\/www.handballratingen.de\/wp\/index.php?rest_route=%2Fwp%2Fv2%2Ftags&post=1645"}],"curies":[{"name":"wp","href":"https:\/\/api.w.org\/{rel}","templated":true}]}}