{"id":1675,"date":"2013-11-10T21:30:47","date_gmt":"2013-11-10T19:30:47","guid":{"rendered":"http:\/\/handballratingen.de\/wp\/?p=1675"},"modified":"2019-02-21T13:47:28","modified_gmt":"2019-02-21T12:47:28","slug":"tvr-3-muss-man-ernst-nehmen","status":"publish","type":"post","link":"https:\/\/www.handballratingen.de\/wp\/?p=1675","title":{"rendered":"TVR 3 muss man ernst nehmen"},"content":{"rendered":"<p style=\"text-align: justify\"><a href=\"http:\/\/handballratingen.de\/wp\/wp-content\/uploads\/2013\/11\/k-TVR-17-von-28.jpg\"><img decoding=\"async\" class=\"alignleft size-medium wp-image-1676\" alt=\"k-TVR  (17 von 28)\" src=\"http:\/\/handballratingen.de\/wp\/wp-content\/uploads\/2013\/11\/k-TVR-17-von-28-300x199.jpg\" width=\"300\" height=\"199\" srcset=\"https:\/\/www.handballratingen.de\/wp\/wp-content\/uploads\/2013\/11\/k-TVR-17-von-28-300x199.jpg 300w, https:\/\/www.handballratingen.de\/wp\/wp-content\/uploads\/2013\/11\/k-TVR-17-von-28.jpg 900w\" sizes=\"(max-width: 300px) 100vw, 300px\" \/><\/a>Zur &#8222;Prime-Time&#8220; am Samstag Abend empfingen die Ratinger die punktgleichen G\u00e4ste aus Oberkassel. Mit einer vollbesetzten Bank beim TV konnte man hoffen, das man konditionell im Vorteil ist. Die G\u00e4ste reisten nur mit 9 Spieler an.<\/p>\n<p style=\"text-align: justify\">Bis zum 7:7 ging Jahn\/West immer mit 1-2 Toren in F\u00fchrung. Die Ratinger konnten durch die starke rechte Angriffsseite mit Christian und Raphael Zietz jedoch immer wieder ausgleichen. Die Abwehr stand bis dahin anst\u00e4ndig. Das einzige Manko war, das man mit dem starken Halblinken der Oberkasseler nicht zurecht kam. Mit dem Tor von Raphael zum 8:7 ging die &#8222;Dritte&#8220; das erste Mal in F\u00fchrung,welche man \u00a0nicht mehr aus der Hand nehmen lie\u00df. Die Abwehr wurde immer bissiger. Daraus resultierten eroberte B\u00e4lle, Ballverluste oder W\u00fcrfe aufs Tor mit denen Janosch Kr\u00fcger wenig Probleme hatte. Das wurde konsequent zu Tempogegenst\u00f6\u00dfen genutzt die dann auch effektiv verwertet wurden. Im Angriffsspiel lief der Ball. Es wurden kaum Fehler gemacht. Auch die Kreis-Anspiele gelangen in dieser Phase. So das man sich \u00fcber 12:8, 15:11 bis zum 19:12 zur Halbzeit absetzen konnte.<\/p>\n<p style=\"text-align: justify\">Nach einer konzentrierten Halbzeitansprache ging es mit einigen Positionsumstellungen in die zweite H\u00e4lfte. Diese ging genauso weiter. Die &#8222;neuen&#8220; Spieler f\u00fcgten sich wunderbar ins Spiel ein und sorgten sogar daf\u00fcr, das der Vorsprung beim Stande von 27:16 auf elf Tore ausgebaut werden konnte. Selbst die Verletzung von Abwehr-Chef Markus Fleig konnte den TV nicht aus der Ruhe bringen.<\/p>\n<p style=\"text-align: justify\">Dann kamen allerdings die dollen 5 Minuten. Im Angriff lief es zu hektisch und verspielt. Man kam nicht schnell genug nach hinten und das Tempogegenstoss-Spiel wurde auch kurzfristig eingestellt. Das wussten die G\u00e4ste auch direkt zu nutzen und verringerten den Abstand acht Minuten vor dem Ende auf 28:20. Eine Auszeit musste nochmal her um sich zu besinnen. Die Schlussphase wurde dann konsequent und konzentriert heruntergespielt. So kam es zum verdienten <strong>30:21 &#8211; Sieg der Ratinger<\/strong>.<\/p>\n<p style=\"text-align: justify\">Trainer Marc M\u00fchrmann ist mehr als zufrieden und res\u00fcmiert den Spieltag so: &#8222;Ich bin voll zufrieden. Ein starker Torwart, eine Bomben-Abwehr und ein fast fehlerfreier Angriff. Im Moment sind wir auf jeder Position doppelt oder dreifach gut besetzt. Die A-Jugendlichen binden sich prima ein. JEDER zieht mit. Auch wenn er aufgrund eines vollen Kaders mal pausieren muss. Ich bin die Situation einfach am genie\u00dfen und hoffe, das sie noch ein Weilchen anh\u00e4lt.&#8220;<\/p>\n<p style=\"text-align: justify\">N\u00e4chste Woche Sonntag wartet dann der n\u00e4chste schwere Gegner auf die Ratinger. Die Mannschaft aus Hochdahl steht zwar momentan im unteren Tabellendrittel, hat aber mit Unterbach, SG Ratingen, Fortuna und Gerresheim schon einige harte Brocken als Gegner gehabt. Die &#8222;Dritte&#8220; verspricht nichts was sie nicht halten kann. Aber eines kann man wohl versprechen &#8211; das sie alles daf\u00fcr geben werden auch in Hochdahl zu bestehen.<\/p>\n<p style=\"text-align: justify\">Aufstellung:<\/p>\n<p style=\"text-align: justify\">Tor: Janosch Kr\u00fcger<\/p>\n<p style=\"text-align: justify\">Feld: Dennis Riebe (1) \/ Markus Fleig \/ Michael Terwint \/ Christian Zietz (9) \/ Josch Kromoczinski (2) \/ Frank Adam (1) \/ Jan Hinzer (3) \/ Chris D\u00f6ringer \/ Raphael Zietz (6) \/ Daniel Strohschein (1) \/ Julian Bachert (1) \/ Daniel Becker (1) \/ Rene Janssen (5)<\/p>\n","protected":false},"excerpt":{"rendered":"<p>Zur &#8222;Prime-Time&#8220; am Samstag Abend empfingen die Ratinger die punktgleichen G\u00e4ste aus Oberkassel. Mit einer vollbesetzten Bank beim TV konnte man hoffen, das man konditionell im Vorteil ist. Die G\u00e4ste reisten nur mit 9 Spieler an. Bis zum 7:7 ging Jahn\/West immer mit 1-2 Toren in F\u00fchrung. Die Ratinger konnten  [&#8230;]<\/p>\n","protected":false},"author":1,"featured_media":0,"comment_status":"closed","ping_status":"open","sticky":false,"template":"","format":"standard","meta":{"ngg_post_thumbnail":0,"jetpack_post_was_ever_published":false,"_jetpack_newsletter_access":"","_jetpack_dont_email_post_to_subs":false,"_jetpack_newsletter_tier_id":0,"_jetpack_memberships_contains_paywalled_content":false,"_jetpack_memberships_contains_paid_content":false,"footnotes":"","jetpack_publicize_message":"","jetpack_publicize_feature_enabled":true,"jetpack_social_post_already_shared":false,"jetpack_social_options":{"image_generator_settings":{"template":"highway","default_image_id":0,"font":"","enabled":false},"version":2}},"categories":[13,1],"tags":[],"class_list":["post-1675","post","type-post","status-publish","format-standard","hentry","category-3-herren","category-allgemein"],"jetpack_publicize_connections":[],"jetpack_featured_media_url":"","jetpack_sharing_enabled":true,"jetpack_shortlink":"https:\/\/wp.me\/p4Z74q-r1","_links":{"self":[{"href":"https:\/\/www.handballratingen.de\/wp\/index.php?rest_route=\/wp\/v2\/posts\/1675","targetHints":{"allow":["GET"]}}],"collection":[{"href":"https:\/\/www.handballratingen.de\/wp\/index.php?rest_route=\/wp\/v2\/posts"}],"about":[{"href":"https:\/\/www.handballratingen.de\/wp\/index.php?rest_route=\/wp\/v2\/types\/post"}],"author":[{"embeddable":true,"href":"https:\/\/www.handballratingen.de\/wp\/index.php?rest_route=\/wp\/v2\/users\/1"}],"replies":[{"embeddable":true,"href":"https:\/\/www.handballratingen.de\/wp\/index.php?rest_route=%2Fwp%2Fv2%2Fcomments&post=1675"}],"version-history":[{"count":2,"href":"https:\/\/www.handballratingen.de\/wp\/index.php?rest_route=\/wp\/v2\/posts\/1675\/revisions"}],"predecessor-version":[{"id":1678,"href":"https:\/\/www.handballratingen.de\/wp\/index.php?rest_route=\/wp\/v2\/posts\/1675\/revisions\/1678"}],"wp:attachment":[{"href":"https:\/\/www.handballratingen.de\/wp\/index.php?rest_route=%2Fwp%2Fv2%2Fmedia&parent=1675"}],"wp:term":[{"taxonomy":"category","embeddable":true,"href":"https:\/\/www.handballratingen.de\/wp\/index.php?rest_route=%2Fwp%2Fv2%2Fcategories&post=1675"},{"taxonomy":"post_tag","embeddable":true,"href":"https:\/\/www.handballratingen.de\/wp\/index.php?rest_route=%2Fwp%2Fv2%2Ftags&post=1675"}],"curies":[{"name":"wp","href":"https:\/\/api.w.org\/{rel}","templated":true}]}}