{"id":18544,"date":"2020-09-14T20:46:38","date_gmt":"2020-09-14T19:46:38","guid":{"rendered":"https:\/\/www.handballratingen.de\/wp\/?p=18544"},"modified":"2020-09-14T20:46:38","modified_gmt":"2020-09-14T19:46:38","slug":"dritter-herren-mannschaft-gelingt-auftaktsieg","status":"publish","type":"post","link":"https:\/\/www.handballratingen.de\/wp\/?p=18544","title":{"rendered":"Dritter Herren-Mannschaft gelingt Auftaktsieg"},"content":{"rendered":"<p><span style=\"font-size: 10.0pt; font-family: 'Arial',sans-serif;\">Zum ersten Mal in der Bezirksligageschichte der dritten Mannschaft des TV Ratingen haben die Jungs um Trainer Christian Zietz das erste Saisonspiel gewinnen k\u00f6nnen. Ausw\u00e4rts gelang ein 20:26 (10:12) Sieg gegen die Erstvertretung der HSG Jahn 05\/ SC West. <\/span><\/p>\n<p><span style=\"font-size: 10.0pt; font-family: 'Arial',sans-serif;\">Doch danach sah es zun\u00e4chst gar nicht aus. Die Anfangsphase dominierten die Jungs aus Oberkassel mehr oder minder nach Belieben. Der Angriff erspielte sich kaum gute Torabschlussm\u00f6glichkeiten und wenn die M\u00f6glichkeit bestand, versagten beim Torwurf die Nerven. In der Abwehr hatte man wohl das Hygienekonzept der Gastgeber zu genau gelesen und war stets auf Mindestabstand bedacht. Dies hatte zur Konsequenz, dass es nach 8 Spielminuten bereits 6:1 gegen die Dumeklemmerst\u00e4dter stand. Eine Auszeit brachte dann schlie\u00dflich die Wende. Die Abwehr stand fortan kompakter und stellte die Landeshauptst\u00e4dter f\u00fcr die restlichen 20 Minuten der ersten H\u00e4lfte vor gro\u00dfe Schwierigkeiten und lie\u00df bis zur Halbzeit nur noch 4 Gegentreffer zu. Mit der Sicherheit, die man sich im Defensivverbund gemeinsam erarbeitet hatte, lief es nun auch im Angriff deutlich besser. Tor um Tor k\u00e4mpften sich die Gr\u00fcn- Wei\u00dfen zur\u00fcck in das Spiel (8:4 \/ 8:8 \/ 9:11). Beim Stand von 10:12 ging es in die Kabine. <\/span><\/p>\n<p><span style=\"font-size: 10.0pt; font-family: 'Arial',sans-serif;\">Die Marschroute f\u00fcr die zweiten 30 Minuten war klar: in der Deckung weiter gemeinschaftlich kompakt arbeiten und vorne das Tor treffen. Was in der Theorie so einfach klingt, sieht in der Praxis meistens anders aus &#8211; allerdings nicht an diesem Tag. Die Abwehr um Fabian Lenninghausen und Michael Terwint stand weiterhin stabil, und dahinter wusste ein gut aufgelegter Thomas Mallmann mit guten Paraden zu \u00fcberzeugen. Vorne waren es h\u00e4ufig gute Einzelaktionen die zum Erfolg f\u00fchrten. Pascal Egert auf der R\u00fcckraum Mitte setzte seine Nebenleute immer wieder gekonnt in Szene und war dar\u00fcber hinaus mit 6 Treffern bester Sch\u00fctze seines Teams. So konnte St\u00fcck f\u00fcr St\u00fcck der Vorsprung ausgebaut werden (12:16 \/ 15:19 \/ 16:21 \/ 17:23). Zur Schlusssirene leuchtete ein 20:26 auf der Anzeigetafel und die 3. Mannschaft startete zum ersten Mal seit drei Jahren wieder mit einem Sieg in eine Saison.<\/span><\/p>\n<p><span style=\"font-size: 10.0pt; font-family: 'Arial',sans-serif;\">\u201eNach einem halben Jahr ohne Pflichtspiel habe ich diesen Holperstart schon fast bef\u00fcrchtet. Was wir dann aber daraus gemacht haben stellt mich mehr als zufrieden. Allerdings k\u00f6nnen wir uns zuk\u00fcnftig nicht allzu oft solche Schw\u00e4chephasen erlauben, normalerweise werden diese in unserer Liga direkt bestraft\u201c, mahnt ein nichtsdestotrotz zufriedener Trainer Christian Zietz. <\/span><\/p>\n<p><span style=\"font-size: 10.0pt; font-family: 'Arial',sans-serif;\">Am Samstag, 19.09.2020 bestreitet die Dritte ihr ersten Heimspiel in der neuen Saison. Um 19:30 Uhr begr\u00fc\u00dfen wir die Freunde des SV Wersten am heimischen Europaring und freuen uns auf eure Unterst\u00fctzung! (-cz)<\/span><\/p>\n<p><span style=\"font-size: 10.0pt; font-family: 'Arial',sans-serif;\">Es spielten:<br \/>\n<\/span><span style=\"font-size: 10.0pt; font-family: 'Arial',sans-serif;\">Tor: Dirk Rottsch\u00e4fer und Thomas Mallmann<br \/>\n<\/span><span style=\"font-size: 10.0pt; font-family: 'Arial',sans-serif;\">Feld: Jan Wittersheim (2), David Fischer (3), Martin Zietz (1\/1), Pascal Egert (6), Cedric Fuck (2), Michael Terwint, Arne von Zedlitz- Neukirch (2), Fabian Lenninghausen (2), Dirk Sartingen (5), Tim Holtkamp (2), Yannik Dumeier, Hendrik Averdick (1)<\/span><\/p>\n","protected":false},"excerpt":{"rendered":"<p>Zum ersten Mal in der Bezirksligageschichte der dritten Mannschaft des TV Ratingen haben die Jungs um Trainer Christian Zietz das erste Saisonspiel gewinnen k\u00f6nnen. Ausw\u00e4rts gelang ein 20:26 (10:12) Sieg gegen die Erstvertretung der HSG Jahn 05\/ SC West. Doch danach sah es zun\u00e4chst gar nicht aus. Die Anfangsphase dominierten  [&#8230;]<\/p>\n","protected":false},"author":1,"featured_media":18547,"comment_status":"closed","ping_status":"open","sticky":false,"template":"","format":"standard","meta":{"ngg_post_thumbnail":0,"jetpack_post_was_ever_published":false,"_jetpack_newsletter_access":"","_jetpack_dont_email_post_to_subs":false,"_jetpack_newsletter_tier_id":0,"_jetpack_memberships_contains_paywalled_content":false,"_jetpack_memberships_contains_paid_content":false,"footnotes":"","jetpack_publicize_message":"","jetpack_publicize_feature_enabled":true,"jetpack_social_post_already_shared":true,"jetpack_social_options":{"image_generator_settings":{"template":"highway","default_image_id":0,"font":"","enabled":false},"version":2}},"categories":[13],"tags":[],"class_list":["post-18544","post","type-post","status-publish","format-standard","has-post-thumbnail","hentry","category-3-herren"],"jetpack_publicize_connections":[],"jetpack_featured_media_url":"https:\/\/www.handballratingen.de\/wp\/wp-content\/uploads\/2020\/09\/handball_symbolfoto_tvr-e1633668387784.jpg","jetpack_sharing_enabled":true,"jetpack_shortlink":"https:\/\/wp.me\/p4Z74q-4P6","_links":{"self":[{"href":"https:\/\/www.handballratingen.de\/wp\/index.php?rest_route=\/wp\/v2\/posts\/18544","targetHints":{"allow":["GET"]}}],"collection":[{"href":"https:\/\/www.handballratingen.de\/wp\/index.php?rest_route=\/wp\/v2\/posts"}],"about":[{"href":"https:\/\/www.handballratingen.de\/wp\/index.php?rest_route=\/wp\/v2\/types\/post"}],"author":[{"embeddable":true,"href":"https:\/\/www.handballratingen.de\/wp\/index.php?rest_route=\/wp\/v2\/users\/1"}],"replies":[{"embeddable":true,"href":"https:\/\/www.handballratingen.de\/wp\/index.php?rest_route=%2Fwp%2Fv2%2Fcomments&post=18544"}],"version-history":[{"count":2,"href":"https:\/\/www.handballratingen.de\/wp\/index.php?rest_route=\/wp\/v2\/posts\/18544\/revisions"}],"predecessor-version":[{"id":18546,"href":"https:\/\/www.handballratingen.de\/wp\/index.php?rest_route=\/wp\/v2\/posts\/18544\/revisions\/18546"}],"wp:featuredmedia":[{"embeddable":true,"href":"https:\/\/www.handballratingen.de\/wp\/index.php?rest_route=\/wp\/v2\/media\/18547"}],"wp:attachment":[{"href":"https:\/\/www.handballratingen.de\/wp\/index.php?rest_route=%2Fwp%2Fv2%2Fmedia&parent=18544"}],"wp:term":[{"taxonomy":"category","embeddable":true,"href":"https:\/\/www.handballratingen.de\/wp\/index.php?rest_route=%2Fwp%2Fv2%2Fcategories&post=18544"},{"taxonomy":"post_tag","embeddable":true,"href":"https:\/\/www.handballratingen.de\/wp\/index.php?rest_route=%2Fwp%2Fv2%2Ftags&post=18544"}],"curies":[{"name":"wp","href":"https:\/\/api.w.org\/{rel}","templated":true}]}}