{"id":1916,"date":"2013-12-18T17:31:45","date_gmt":"2013-12-18T15:31:45","guid":{"rendered":"http:\/\/handballratingen.de\/wp\/?p=1916"},"modified":"2019-02-21T13:47:22","modified_gmt":"2019-02-21T12:47:22","slug":"die-festung-europaring-konnte-von-fortuna-nur-mit-hohem-kraftaufwand-eingenommen-werden","status":"publish","type":"post","link":"https:\/\/www.handballratingen.de\/wp\/?p=1916","title":{"rendered":"Die Festung &#8220; Europaring &#8220; konnte von Fortuna nur mit hohem Kraftaufwand eingenommen werden."},"content":{"rendered":"<p style=\"text-align: justify\"><a href=\"http:\/\/handballratingen.de\/wp\/wp-content\/uploads\/2013\/12\/k-TVR-23-von-28.jpg\"><img decoding=\"async\" class=\"alignleft size-medium wp-image-1917\" title=\"Trainer Marc M\u00fchrmann ist mit der Leistung seiner Truppe sehr zufrieden.\" alt=\"k-TVR  (23 von 28)\" src=\"http:\/\/handballratingen.de\/wp\/wp-content\/uploads\/2013\/12\/k-TVR-23-von-28-300x199.jpg\" width=\"300\" height=\"199\" srcset=\"https:\/\/www.handballratingen.de\/wp\/wp-content\/uploads\/2013\/12\/k-TVR-23-von-28-300x199.jpg 300w, https:\/\/www.handballratingen.de\/wp\/wp-content\/uploads\/2013\/12\/k-TVR-23-von-28.jpg 900w\" sizes=\"(max-width: 300px) 100vw, 300px\" \/><\/a>Am 3. Advent kam es zu einem tollen Kreisliga-Spiel am Europaring. Leider vor viel zu wenig Zuschauern. Beide Mannschaften h\u00e4tten f\u00fcr ihre guten Leistungen mehr Unterst\u00fctzung verdient gehabt.<\/p>\n<p style=\"text-align: justify\">Der ungeschlagene Tabellenf\u00fchrer aus D\u00fcsseldorf trat ebenso wie der Tabellendritte aus Ratingen mit 13 Spielern an. Es hatte sich schon rumgesprochen das die D\u00fcsseldorfer ein effektives Kreisl\u00e4ufer-Spiel aufziehen. Aber es w\u00e4re doch gelacht, wenn die &#8222;Dritte&#8220; des TV keine Antwort darauf gehabt h\u00e4tte. Wieder einmal mit einer b\u00e4renstarken Abwehr brachte man die Fortuna in der Anfangsphase zur Verzweiflung. Nach einem kurzen Wutausbruch zur ersten Abwehraktion von Markus Fleig hielt sich dann auch jeder an die taktischen Vorgaben. Diszipliniert ging jeder zu Werke. Dies f\u00fchrte zu einer verdienten 5:3-F\u00fchrung. Aber die Fortuna ist nun mal nicht umsonst auf dem 1. Platz. Also stellten sie ihr Angriffsspiel um und warfen mehr aus dem R\u00fcckraum. Zudem wurden oft die Aussen freigespielt. Im Angriff des TVR lief es dann nicht mehr so rund und der Spielstand wechselte in ein 7:5 aus Sicht der D\u00fcsseldorfer. Bis zur Halbzeit konnten sie ihre F\u00fchrung sogar bis auf 12:8 ausbauen. Was aber nicht an der TV-Abwehr lag sondern eher an den liegengelassenen Chancen im Angriff.<\/p>\n<p style=\"text-align: justify\">In der Halbzeitpause wurde nochmals auf die Disziplin und das Abwehrverhalten hingewiesen. Und man wollte in H\u00e4lfte 2 aufs Tempo dr\u00fccken. Da in diesem Punkt von Fortuna in den ersten 30 Minuten nichts zu sehen war.<\/p>\n<p style=\"text-align: justify\">Doch diese machten den Ratingern mal wieder einen Strich durch die Rechnung. Auf einmal gingen sie das Tempo mit, waren in dieser Phase mal wieder effektiver im Angriff und zudem kamen sie zu ihren Kreisl\u00e4ufer-Anspielen. Was zu diesem Zeitpunkt beim Stande von 10:15 allerdings noch schlimmer war, das man bei 2 TG\u00b4s der Fortuna kollektiv vorne stehen blieb. Beim Stande von 11:17 musste eine Auszeit her.<\/p>\n<p style=\"text-align: justify\">&#8222;Da hatte ich echt die Bef\u00fcrchtung, das wir nun auseinanderbrechen. Aber nix da! Auf einmal kamen meine Jungs wieder zur Besinnung. Keiner gab sich auf. Alle feuerten sich an.&#8220;, gab Trainer M\u00fchrmann zu verstehen.<\/p>\n<p style=\"text-align: justify\">Und wenn das alles zusammen kommt l\u00e4uft es nat\u00fcrlich auch wieder. Man k\u00e4mpfte sich verdient bis zum 17:20 heran. Vielleicht lag es auch daran, das die Tempoversch\u00e4rfung der D\u00fcsseldorfer nun ihren Tribut zollte. Nun fiel allerdings ewig lange kein Tor mehr. Man hatte zu dieser Zeit das Gef\u00fchl &#8211; wer das n\u00e4chste Tor macht gewinnt &#8211; leider (aus Ratinger Sicht) hat es dann Fortuna 5 Minuten vor dem Ende gemacht. Doch man liess den Kopf nicht h\u00e4ngen und k\u00e4mpfte weiter auch als das Spiel schon verloren war. Dies merkte man daran, das sogar ein Tor kurz vor dem Ende noch heftig von der Bank bejubelt wurde. <strong><span style=\"color: #ff0000\">Am Ende hie\u00df es dann, wohl auch letztlich verdient 23:20 f\u00fcr die G\u00e4ste aus der Landeshauptstadt.<\/span><\/strong><\/p>\n<p style=\"text-align: justify\">&#8222;Ich bin trotz der Niederlage MEGA-STOLZ auf meine Mannschaft. Jeder hat gek\u00e4mpft bis zum Ende. Die Abwehr war wieder &#8222;Bombe&#8220;. Man kann nun mal nicht alle P\u00e4sse zum Kreis verhindern. Mit dem Angriff bin ich auch sehr zufrieden weil heute mit zunehmender Spieldauer angesagte Spielz\u00fcge auch mal zu Ende gespielt wurden. Hier muss ich mal den Hannes loben. Er hat durch sein (manchmal sehr vehementes) Engagement einigen Leuten nochmal ein paar Prozentpunkte rausgelockt. Letzte Saison gl\u00fccklich als Dritter aufgestiegen und nun mit 10:6 Punkten auf dem 4. Platz in der Kreisliga \u00fcberwintern. Das ist doch geil und damit h\u00e4tte ich nie gerechnet. ABER &#8211; da wird sich nicht drauf ausgeruht.&#8220;, so der zufriedene Trainer.<\/p>\n<p style=\"text-align: justify\">Nach diesem \u00fcberaus erfolgreichen Jahr f\u00fcr die &#8222;Dritte&#8220; in 1. Kreisklasse und Kreisliga m\u00f6chten wir allen die mit und gegen uns gespielt haben, die uns im Organisatorischen und im Kampfgericht geholfen haben, und nat\u00fcrlich auch allen anderen die das hier lesen ein sch\u00f6nes Weihnachtsfest und ein gutes neues Jahr 2014 w\u00fcnschen. Und einen besonderen Dank gilt den Spielern die pausieren mussten und sich f\u00fcr den WHATS-APP-Liveticker (wird langsam zum Kult) aufgeopfert haben.<\/p>\n<p>Aufstellung:<\/p>\n<p>Tor: Janosch Kr\u00fcger<\/p>\n<p>Feld: Dennis Riebe (3) \/ Christopher Choinka (1) \/ Markus Fleig \/ Johannes Weinert (1) \/ Frank Adam (1) \/ Chris D\u00f6ringer (2) \/ Raphael Zietz (4) \/ Andre Nowak (1) \/ Martin Ellenbeck \/ Michael Terwint (1) \/ Alexander Hentschel \/ Rene Janssen (6)<\/p>\n<p>&nbsp;<\/p>\n<p>&nbsp;<\/p>\n<p>&nbsp;<\/p>\n","protected":false},"excerpt":{"rendered":"<p>Am 3. Advent kam es zu einem tollen Kreisliga-Spiel am Europaring. Leider vor viel zu wenig Zuschauern. Beide Mannschaften h\u00e4tten f\u00fcr ihre guten Leistungen mehr Unterst\u00fctzung verdient gehabt. Der ungeschlagene Tabellenf\u00fchrer aus D\u00fcsseldorf trat ebenso wie der Tabellendritte aus Ratingen mit 13 Spielern an. Es hatte sich schon rumgesprochen das  [&#8230;]<\/p>\n","protected":false},"author":1,"featured_media":0,"comment_status":"closed","ping_status":"open","sticky":false,"template":"","format":"standard","meta":{"ngg_post_thumbnail":0,"jetpack_post_was_ever_published":false,"_jetpack_newsletter_access":"","_jetpack_dont_email_post_to_subs":false,"_jetpack_newsletter_tier_id":0,"_jetpack_memberships_contains_paywalled_content":false,"_jetpack_memberships_contains_paid_content":false,"footnotes":"","jetpack_publicize_message":"","jetpack_publicize_feature_enabled":true,"jetpack_social_post_already_shared":false,"jetpack_social_options":{"image_generator_settings":{"template":"highway","default_image_id":0,"font":"","enabled":false},"version":2}},"categories":[13,1],"tags":[],"class_list":["post-1916","post","type-post","status-publish","format-standard","hentry","category-3-herren","category-allgemein"],"jetpack_publicize_connections":[],"jetpack_featured_media_url":"","jetpack_sharing_enabled":true,"jetpack_shortlink":"https:\/\/wp.me\/p4Z74q-uU","_links":{"self":[{"href":"https:\/\/www.handballratingen.de\/wp\/index.php?rest_route=\/wp\/v2\/posts\/1916","targetHints":{"allow":["GET"]}}],"collection":[{"href":"https:\/\/www.handballratingen.de\/wp\/index.php?rest_route=\/wp\/v2\/posts"}],"about":[{"href":"https:\/\/www.handballratingen.de\/wp\/index.php?rest_route=\/wp\/v2\/types\/post"}],"author":[{"embeddable":true,"href":"https:\/\/www.handballratingen.de\/wp\/index.php?rest_route=\/wp\/v2\/users\/1"}],"replies":[{"embeddable":true,"href":"https:\/\/www.handballratingen.de\/wp\/index.php?rest_route=%2Fwp%2Fv2%2Fcomments&post=1916"}],"version-history":[{"count":1,"href":"https:\/\/www.handballratingen.de\/wp\/index.php?rest_route=\/wp\/v2\/posts\/1916\/revisions"}],"predecessor-version":[{"id":1918,"href":"https:\/\/www.handballratingen.de\/wp\/index.php?rest_route=\/wp\/v2\/posts\/1916\/revisions\/1918"}],"wp:attachment":[{"href":"https:\/\/www.handballratingen.de\/wp\/index.php?rest_route=%2Fwp%2Fv2%2Fmedia&parent=1916"}],"wp:term":[{"taxonomy":"category","embeddable":true,"href":"https:\/\/www.handballratingen.de\/wp\/index.php?rest_route=%2Fwp%2Fv2%2Fcategories&post=1916"},{"taxonomy":"post_tag","embeddable":true,"href":"https:\/\/www.handballratingen.de\/wp\/index.php?rest_route=%2Fwp%2Fv2%2Ftags&post=1916"}],"curies":[{"name":"wp","href":"https:\/\/api.w.org\/{rel}","templated":true}]}}