{"id":19786,"date":"2021-10-31T21:20:54","date_gmt":"2021-10-31T20:20:54","guid":{"rendered":"https:\/\/www.handballratingen.de\/wp\/?p=19786"},"modified":"2021-11-02T09:03:11","modified_gmt":"2021-11-02T08:03:11","slug":"generationentreff-am-europaring","status":"publish","type":"post","link":"https:\/\/www.handballratingen.de\/wp\/?p=19786","title":{"rendered":"Generationentreff am Europaring"},"content":{"rendered":"<p>Aus Anlass des 100j\u00e4hrigen Jubil\u00e4ums unser Handballabteilung gab es gestern Abend einen gro\u00dfen Bahnhof in der Halle am Europaring. Mehr als 30 Aktive und Ehepartner der Feldhandballergarde aus den 1970er Jahre waren der Einladung der Abteilung zu einem Jubil\u00e4umstreffen gefolgt und fanden sich p\u00fcnktlichst (wie sollte es bei Handballern auch anders sein ;-)) vor dem Spiel der ersten Herrenmannschaft gegen LTV Wuppertal II im Vorraum der Halle ein. Das Spiel der Herren bildete den Auftakt zu einem sch\u00f6nen Abend voller Erinnerungen an vergangene Spielzeiten, aber auch auf den Blick des aktuellen Handballgeschehens.<\/p>\n<p>Bevor die ersten Herren aktiv wurden, versammelte Hallensprecher Christian Zietz mit namentlichem Aufruf die ehemaligen Spieler mit ihren Begleiterinnen auf der Platte. Auch der frisch gew\u00e4hlte Pr\u00e4sident des TV Ratingen, Sven Pallesen erwies den Legenden aus dem Feldhandball seine Referenz. Ein besonders sch\u00f6nes Bild ergab sich, als anschlie\u00dfend die erste Mannschaft zusammen mit der E-Jugend in die Halle einlief und sich die Gelegenheit zu einem echten &#8222;Generationenbild&#8220; ergab. Besser kann das Abteilungsmotto &#8222;Mit Tradition in die Zukunft&#8220; nicht in Bilder gefasst werden.<\/p>\n<p>Auf der Trib\u00fcne verfolgten die Ehreng\u00e4ste dann interessiert und mit Fachkunde wie in alten Tagen den Auftritt der Herren gegen Wuppertal. Das in der Tat bescheidene Ergebnis war an diesem Abend aber nebens\u00e4chlich. Hallenluft, Musik und Hallensprecher sorgten f\u00fcr das &#8222;Gef\u00fchl Europaring&#8220;.<\/p>\n<p>Anschlie\u00dfend traf sich die gesamte Gruppe und die Abteilungsverantwortlichen zum Essen im Ratinger B\u00fcrgerhaus. Abteilungsleiter Marcus Otten begr\u00fc\u00dfte dabei nochmals offiziell die Ehreng\u00e4ste und freute sich, mit der Vorsitzenden Marion Wei\u00dfhoff-G\u00fcnther auch den Vorstand des TV zu dieser besonderen Veranstaltung begr\u00fc\u00dfen zu k\u00f6nnen. Nach einem kurzen \u00dcberblick \u00fcber die aktuelle Lage der Abteilung durch Marcus Otten ergriff der Pr\u00e4sident Sven Pallesen das Wort und hob die Bedeutung der einzelnen Abteilungen und Sparten f\u00fcr das gute Gelingen in einem Gro\u00dfverein hervor. Er w\u00fcrdigte besonders das Engagement der Handballabteilung im sportlichen Bereich aber auch bei der Durchf\u00fchrung von Vereinsveranstaltungen und Festen wie diesem.<\/p>\n<p>Bevor das Abendessen serviert wurde, f\u00fchrte der langj\u00e4hrige Abteilungsleiter und jetzige Vizepr\u00e4sident des TV, Thomas Oberwinster kurzweilig durch die Geschichte des Feldhandballs beim TV Ratingen von 1921 bis zu seiner Einstellung im Jahre 1976. Bei den Namen und Anekd\u00f6tchen, die Thomas Oberwinster aus den Chroniken ausgegraben hatte, ging so manches A und O durchs Auditorium.<\/p>\n<p>Zum Abschlu\u00df des &#8222;offiziellen&#8220; Teils \u00fcberreichte Manfred Bumbullies, der ma\u00dfgeblich an der Zusammenstellung des Teilnehmerkreises und der Kontaktaufnahme mitgewirkt hatte, eine gro\u00dfz\u00fcgige Spende der Anwesenden f\u00fcr die TV-Jugendabteilung. Mit einem gro\u00dfen Dank an Manfred Bumbullies f\u00fcr die Organisation und an die Feierrunde f\u00fcr die Spenden nahm Abteilungsleiter Marcus Otten den Umschlag entgegen und l\u00e4utete die gro\u00dfe Gespr\u00e4chsrunde an den diversen Tischen ein. Dem Vernehmen nach haben auch hier die Feldhandballer den Ruf, gut feiern zu k\u00f6nnen, wahrlich verteidigen k\u00f6nnen. Halt &#8222;Mit Tradition in die Zukunft&#8220;. (-mo)<\/p>\nngg_shortcode_0_placeholder\n","protected":false},"excerpt":{"rendered":"<p>Aus Anlass des 100j\u00e4hrigen Jubil\u00e4ums unser Handballabteilung gab es gestern Abend einen gro\u00dfen Bahnhof in der Halle am Europaring. Mehr als 30 Aktive und Ehepartner der Feldhandballergarde aus den 1970er Jahre waren der Einladung der Abteilung zu einem Jubil\u00e4umstreffen gefolgt und fanden sich p\u00fcnktlichst (wie sollte es bei Handballern auch  [&#8230;]<\/p>\n","protected":false},"author":24,"featured_media":19789,"comment_status":"closed","ping_status":"open","sticky":false,"template":"","format":"standard","meta":{"ngg_post_thumbnail":0,"jetpack_post_was_ever_published":false,"_jetpack_newsletter_access":"","_jetpack_dont_email_post_to_subs":false,"_jetpack_newsletter_tier_id":0,"_jetpack_memberships_contains_paywalled_content":false,"_jetpack_memberships_contains_paid_content":false,"footnotes":"","jetpack_publicize_message":"","jetpack_publicize_feature_enabled":true,"jetpack_social_post_already_shared":true,"jetpack_social_options":{"image_generator_settings":{"template":"highway","default_image_id":0,"font":"","enabled":false},"version":2}},"categories":[1,62],"tags":[],"class_list":["post-19786","post","type-post","status-publish","format-standard","has-post-thumbnail","hentry","category-allgemein","category-fotoserie"],"jetpack_publicize_connections":[],"jetpack_featured_media_url":"https:\/\/www.handballratingen.de\/wp\/wp-content\/uploads\/2021\/10\/IMGP0820-1.jpg","jetpack_sharing_enabled":true,"jetpack_shortlink":"https:\/\/wp.me\/p4Z74q-598","_links":{"self":[{"href":"https:\/\/www.handballratingen.de\/wp\/index.php?rest_route=\/wp\/v2\/posts\/19786","targetHints":{"allow":["GET"]}}],"collection":[{"href":"https:\/\/www.handballratingen.de\/wp\/index.php?rest_route=\/wp\/v2\/posts"}],"about":[{"href":"https:\/\/www.handballratingen.de\/wp\/index.php?rest_route=\/wp\/v2\/types\/post"}],"author":[{"embeddable":true,"href":"https:\/\/www.handballratingen.de\/wp\/index.php?rest_route=\/wp\/v2\/users\/24"}],"replies":[{"embeddable":true,"href":"https:\/\/www.handballratingen.de\/wp\/index.php?rest_route=%2Fwp%2Fv2%2Fcomments&post=19786"}],"version-history":[{"count":10,"href":"https:\/\/www.handballratingen.de\/wp\/index.php?rest_route=\/wp\/v2\/posts\/19786\/revisions"}],"predecessor-version":[{"id":19794,"href":"https:\/\/www.handballratingen.de\/wp\/index.php?rest_route=\/wp\/v2\/posts\/19786\/revisions\/19794"}],"wp:featuredmedia":[{"embeddable":true,"href":"https:\/\/www.handballratingen.de\/wp\/index.php?rest_route=\/wp\/v2\/media\/19789"}],"wp:attachment":[{"href":"https:\/\/www.handballratingen.de\/wp\/index.php?rest_route=%2Fwp%2Fv2%2Fmedia&parent=19786"}],"wp:term":[{"taxonomy":"category","embeddable":true,"href":"https:\/\/www.handballratingen.de\/wp\/index.php?rest_route=%2Fwp%2Fv2%2Fcategories&post=19786"},{"taxonomy":"post_tag","embeddable":true,"href":"https:\/\/www.handballratingen.de\/wp\/index.php?rest_route=%2Fwp%2Fv2%2Ftags&post=19786"}],"curies":[{"name":"wp","href":"https:\/\/api.w.org\/{rel}","templated":true}]}}