{"id":20330,"date":"2022-02-06T01:02:22","date_gmt":"2022-02-06T00:02:22","guid":{"rendered":"https:\/\/www.handballratingen.de\/wp\/?p=20330"},"modified":"2022-02-06T01:02:22","modified_gmt":"2022-02-06T00:02:22","slug":"punkteteilung-fuer-die-2-herren-in-essen","status":"publish","type":"post","link":"https:\/\/www.handballratingen.de\/wp\/?p=20330","title":{"rendered":"Punkteteilung f\u00fcr die 2. Herren in Essen"},"content":{"rendered":"<p style=\"text-align: center;\"><em>Nach der der eindeutigen Niederlage im Hinspiel nahm die \u201eZwote\u201c dieses Mal<\/em><br \/>\n<em>einen wichtigen Punkt gegen den Abstieg mit nach Ratingen.<\/em><\/p>\n<p style=\"text-align: center;\"><strong>TV Cronenberg vs. TV Ratingen II 31:31 (14:16)<\/strong><\/p>\n<p style=\"text-align: left;\">Die Anfangsphase der Partie konnte genutzt werden, um 4:2-F\u00fchrung herausarbeiten (<span dir=\"ltr\">7.min<\/span>). Die Tore zu Beginn des Spiels gaben dem Team jedoch keine Sicherheit, sodass eigene&nbsp;Angriffsaktionen mit leichtfertigen technischen Fehlern im Keim erstickt wurden. Der Gastgeber lie\u00df sich daraufhin nicht lange bitten und ging nach dem zwischenzeitlichen Ausgleich mit zwei Treffern in&nbsp;F\u00fchrung (9:7 &#8211; 16. min).<\/p>\n<p>Bis zur 25. Spielminute konnten die Essener die F\u00fchrung beibehalten, bevor Kreisl\u00e4ufer Bela Steffen, der sein bisher bestes Saisonspiel ablieferte, die Herren des TVR mit einem Doppelschlag zum&nbsp;<span dir=\"ltr\">15:14<\/span>&nbsp;wieder in F\u00fchrung brachte.<\/p>\n<p>Nach dem Seitenwechsel stand sogar kurzzeitig ein zwei-Tore-Vorsprung auf der Anzeigetafel, was Anlass zur Hoffnung gab, die F\u00fchrung in Halbzeit zwei&nbsp;weiter ausbauen zu k\u00f6nnen.&nbsp;Diese wurde vom Gastgeber aber kurzweg zerschlagen, indem er die F\u00fchrung des TVR innerhalb von vier Minuten in ein <span dir=\"ltr\">18:17<\/span> (35. min) umwandelte. Die Einwechslung von Ali Demir sollte daraufhin neue Akzente im R\u00fcckraum setzen. So konnte dieser in der 50. Spielminute erstmals ein drei-Tore-Vorsprung zum&nbsp;<span dir=\"ltr\">23:26 erzielen<\/span>. Dumeier, der auch wieder \u00fcberzeugen konnte, und Bela Steffen erh\u00f6hten auf 25:29 (54.min).<\/p>\n<p>Aufgrund jedoch schlechter Entscheidungen im Angriff, einer Zeitstrafe und eines Verletzungsausfalls zum Ende der Partie, glich sich des Spielstand&nbsp;kurz vor Schluss wieder &nbsp;aus (57. min &#8211; 30:30). 90 Sekunden vor Spielende setzte Sebastian Sch\u00e4per nervenstark den vermeintlichen Schlusspunkt per Siebenmeter. Doch wieder einmal konnte der knappe Vorsprung nicht \u00fcber die Zeit gebracht werden, sondern die Cronenberger egalisierten ihn in der 59. Minute.<\/p>\n<p>Die restlichen 60 Sekunden nahm die Zwote die Zeit von der Uhr ohne sich<br \/>\neine weitere Torchance zu erarbeiten.<\/p>\n<p>Spielfilm: 2:2-2:4- 5:5-9:7-11:9-12:12-<span dir=\"ltr\">14:14-14:16<\/span>\u201416:16-20:20-22:23-23:26-25-29-29:29-29:30-31:31<\/p>\n<p>Es spielten: Goertz, Rau &#8211; Sch\u00e4per (2\/1), Tuna (4), Steffen (6), Bertram (1), Zemla n.e., Laschet n.e., Remke (4), Dumeier (6), Oberwinster (4\/1), Riebe (4)<\/p>\n<p>(-so)<\/p>\n","protected":false},"excerpt":{"rendered":"<p>Nach der der eindeutigen Niederlage im Hinspiel nahm die \u201eZwote\u201c dieses Mal einen wichtigen Punkt gegen den Abstieg mit nach Ratingen. TV Cronenberg vs. TV Ratingen II 31:31 (14:16) Die Anfangsphase der Partie konnte genutzt werden, um 4:2-F\u00fchrung herausarbeiten (7.min). Die Tore zu Beginn des Spiels gaben dem Team jedoch  [&#8230;]<\/p>\n","protected":false},"author":27,"featured_media":20334,"comment_status":"closed","ping_status":"open","sticky":false,"template":"","format":"standard","meta":{"ngg_post_thumbnail":0,"jetpack_post_was_ever_published":false,"_jetpack_newsletter_access":"","_jetpack_dont_email_post_to_subs":false,"_jetpack_newsletter_tier_id":0,"_jetpack_memberships_contains_paywalled_content":false,"_jetpack_memberships_contains_paid_content":false,"footnotes":"","jetpack_publicize_message":"","jetpack_publicize_feature_enabled":true,"jetpack_social_post_already_shared":true,"jetpack_social_options":{"image_generator_settings":{"template":"highway","default_image_id":0,"font":"","enabled":false},"version":2}},"categories":[11,1],"tags":[],"class_list":["post-20330","post","type-post","status-publish","format-standard","has-post-thumbnail","hentry","category-2-herren","category-allgemein"],"jetpack_publicize_connections":[],"jetpack_featured_media_url":"https:\/\/www.handballratingen.de\/wp\/wp-content\/uploads\/2022\/02\/08010032-0145-4561-9016-AA609F8D746A.png","jetpack_sharing_enabled":true,"jetpack_shortlink":"https:\/\/wp.me\/p4Z74q-5hU","_links":{"self":[{"href":"https:\/\/www.handballratingen.de\/wp\/index.php?rest_route=\/wp\/v2\/posts\/20330","targetHints":{"allow":["GET"]}}],"collection":[{"href":"https:\/\/www.handballratingen.de\/wp\/index.php?rest_route=\/wp\/v2\/posts"}],"about":[{"href":"https:\/\/www.handballratingen.de\/wp\/index.php?rest_route=\/wp\/v2\/types\/post"}],"author":[{"embeddable":true,"href":"https:\/\/www.handballratingen.de\/wp\/index.php?rest_route=\/wp\/v2\/users\/27"}],"replies":[{"embeddable":true,"href":"https:\/\/www.handballratingen.de\/wp\/index.php?rest_route=%2Fwp%2Fv2%2Fcomments&post=20330"}],"version-history":[{"count":1,"href":"https:\/\/www.handballratingen.de\/wp\/index.php?rest_route=\/wp\/v2\/posts\/20330\/revisions"}],"predecessor-version":[{"id":20335,"href":"https:\/\/www.handballratingen.de\/wp\/index.php?rest_route=\/wp\/v2\/posts\/20330\/revisions\/20335"}],"wp:featuredmedia":[{"embeddable":true,"href":"https:\/\/www.handballratingen.de\/wp\/index.php?rest_route=\/wp\/v2\/media\/20334"}],"wp:attachment":[{"href":"https:\/\/www.handballratingen.de\/wp\/index.php?rest_route=%2Fwp%2Fv2%2Fmedia&parent=20330"}],"wp:term":[{"taxonomy":"category","embeddable":true,"href":"https:\/\/www.handballratingen.de\/wp\/index.php?rest_route=%2Fwp%2Fv2%2Fcategories&post=20330"},{"taxonomy":"post_tag","embeddable":true,"href":"https:\/\/www.handballratingen.de\/wp\/index.php?rest_route=%2Fwp%2Fv2%2Ftags&post=20330"}],"curies":[{"name":"wp","href":"https:\/\/api.w.org\/{rel}","templated":true}]}}