{"id":20514,"date":"2022-03-08T21:21:29","date_gmt":"2022-03-08T20:21:29","guid":{"rendered":"https:\/\/www.handballratingen.de\/wp\/?p=20514"},"modified":"2022-03-08T21:21:29","modified_gmt":"2022-03-08T20:21:29","slug":"tvr-ii-mit-remis-gegen-sfd-75","status":"publish","type":"post","link":"https:\/\/www.handballratingen.de\/wp\/?p=20514","title":{"rendered":"TVR II mit Remis gegen SFD 75"},"content":{"rendered":"<p style=\"text-align: center;\"><em>Am Sonntag war der selbsternannte Aufstiegsaspirant SFD 75 zu Gast am Europaring.<\/em><\/p>\n<p style=\"text-align: center;\"><em>Das Hinspiel war allen noch deutlich in Erinnerung und das Team um Trainer Thomas Berndt wollte es dieses Mal besser machen\u2026<\/em><\/p>\n<p style=\"text-align: center;\"><strong>TV Ratingen II gegen SFD 75 (9:9) 17:17<\/strong><\/p>\n<p>Hochkonzentriert startete das Team direkt mit einer zwei-Tore-F\u00fchrung in das Spiel, aber der Tabellenzweite glich sogleich in der 10. Spielminute aus.<br \/>\nDie Anfangsphase war hiermit Vorbote f\u00fcr das darauf folgende Spiel, welches keines f\u00fcr schwache Nerven werden sollte.<\/p>\n<p>Nachdem sich auf Ratinger Seite Lea Wagner verletzte, die bis dahin ein starkes Spiel im Tor gemacht hatte und nicht weiterspielen konnte, \u00fcbernahm von da an Hannah Ziebold die Position im Tor und zeigte ein \u00fcberragendes Spiel. Auch deshalb konnte sich keines der beiden Teams absetzen. Die F\u00fchrung wechselte st\u00e4ndig und so ging es mit 9:9 in die Pause.<\/p>\n<p>Auch in der zweiten Halbzeit \u00e4nderte sich das Bild des Spiels nicht. Mit zunehmender Spielzeit schlichen sich auf beiden Seiten viele Fehler ein, die aber von keinem der beiden Teams genutzt wurden. Der Gast aus D\u00fcsseldorf fand jedoch zunehmend weniger Mittel gegen die Ratinger Angriffe, was allerdings nicht zu einer F\u00fchrung der TVR-M\u00e4dels f\u00fchrte. Irene Hempelmann verletzte sich Mitte der zweiten Halbzeit und musste vom Feld.<\/p>\n<p>\u00dcber ein 11:11 und 14:14 ging es in die Schlussphase des Spieles: Trotz Unterzahl konnte Cox vorerst den F\u00fchrungstreffer zum 16:15 werfen. Aufgrund einer erneuten zwei-Minuten-Strafe spielte man dann allerdings sogar mit 4 gegen 6, wobei SFD den vorzeitigen Ausgleich erzielte. Nach einem schnellen Ballverlust konnte der Gast aus D\u00fcsseldorf sogar 60 Sekunden&nbsp;vor Abpfiff in F\u00fchrung gehen, was Trainer Berndt zum Anlass nahm eine Auszeit zu nehmen und den Angriff umzustellen. Acht Sekunden vor Schluss nahm sich die zuvor noch einmal eingewechselte Hempelmann den Ball und sorgte mit ihrem Treffer zum 17:17 f\u00fcr ein Unendschieden!<\/p>\n<p>Nach dem Spiel war dann die Freude gro\u00df, da sich das Unentschieden doch ein wenig wie ein Sieg anf\u00fchlte!&nbsp;<\/p>\n<p>An dieser Stelle gute Besserung an Irene und Lea. Hoffentlich seid ihr schnell wieder fit!<\/p>\n<p>Am 16.03. um 20:15Uhr folgt in der Lewitstrasse das Spiel gegen Jahn\/West, das j\u00fcngst wegen des Sturms abgesagt wurde.<\/p>\n<p>Aufstellung:<\/p>\n<p>Tor: Ziebold, Wagner &#8211;&nbsp;Hannemann (4), Friedrichs (1), Jansen (2), Karrenberg (2), Cox (2), H\u00f6fig (3), Lindken (1), Hempelmann (2), Scherhag, Wagner, Schulz, Ulken<\/p>\n<p>(-tb)<\/p>\nngg_shortcode_0_placeholder\n","protected":false},"excerpt":{"rendered":"<p>Am Sonntag war der selbsternannte Aufstiegsaspirant SFD 75 zu Gast am Europaring. Das Hinspiel war allen noch deutlich in Erinnerung und das Team um Trainer Thomas Berndt wollte es dieses Mal besser machen\u2026 TV Ratingen II gegen SFD 75 (9:9) 17:17 Hochkonzentriert startete das Team direkt mit einer zwei-Tore-F\u00fchrung in  [&#8230;]<\/p>\n","protected":false},"author":27,"featured_media":20515,"comment_status":"closed","ping_status":"open","sticky":false,"template":"","format":"standard","meta":{"ngg_post_thumbnail":0,"jetpack_post_was_ever_published":false,"_jetpack_newsletter_access":"","_jetpack_dont_email_post_to_subs":false,"_jetpack_newsletter_tier_id":0,"_jetpack_memberships_contains_paywalled_content":false,"_jetpack_memberships_contains_paid_content":false,"footnotes":"","jetpack_publicize_message":"","jetpack_publicize_feature_enabled":true,"jetpack_social_post_already_shared":true,"jetpack_social_options":{"image_generator_settings":{"template":"highway","default_image_id":0,"font":"","enabled":false},"version":2}},"categories":[52],"tags":[],"class_list":["post-20514","post","type-post","status-publish","format-standard","has-post-thumbnail","hentry","category-2-damen"],"jetpack_publicize_connections":[],"jetpack_featured_media_url":"https:\/\/www.handballratingen.de\/wp\/wp-content\/uploads\/2022\/03\/B3494613-168F-4EDE-8A8D-250932C0D430-scaled.jpeg","jetpack_sharing_enabled":true,"jetpack_shortlink":"https:\/\/wp.me\/p4Z74q-5kS","_links":{"self":[{"href":"https:\/\/www.handballratingen.de\/wp\/index.php?rest_route=\/wp\/v2\/posts\/20514","targetHints":{"allow":["GET"]}}],"collection":[{"href":"https:\/\/www.handballratingen.de\/wp\/index.php?rest_route=\/wp\/v2\/posts"}],"about":[{"href":"https:\/\/www.handballratingen.de\/wp\/index.php?rest_route=\/wp\/v2\/types\/post"}],"author":[{"embeddable":true,"href":"https:\/\/www.handballratingen.de\/wp\/index.php?rest_route=\/wp\/v2\/users\/27"}],"replies":[{"embeddable":true,"href":"https:\/\/www.handballratingen.de\/wp\/index.php?rest_route=%2Fwp%2Fv2%2Fcomments&post=20514"}],"version-history":[{"count":1,"href":"https:\/\/www.handballratingen.de\/wp\/index.php?rest_route=\/wp\/v2\/posts\/20514\/revisions"}],"predecessor-version":[{"id":20516,"href":"https:\/\/www.handballratingen.de\/wp\/index.php?rest_route=\/wp\/v2\/posts\/20514\/revisions\/20516"}],"wp:featuredmedia":[{"embeddable":true,"href":"https:\/\/www.handballratingen.de\/wp\/index.php?rest_route=\/wp\/v2\/media\/20515"}],"wp:attachment":[{"href":"https:\/\/www.handballratingen.de\/wp\/index.php?rest_route=%2Fwp%2Fv2%2Fmedia&parent=20514"}],"wp:term":[{"taxonomy":"category","embeddable":true,"href":"https:\/\/www.handballratingen.de\/wp\/index.php?rest_route=%2Fwp%2Fv2%2Fcategories&post=20514"},{"taxonomy":"post_tag","embeddable":true,"href":"https:\/\/www.handballratingen.de\/wp\/index.php?rest_route=%2Fwp%2Fv2%2Ftags&post=20514"}],"curies":[{"name":"wp","href":"https:\/\/api.w.org\/{rel}","templated":true}]}}