{"id":20793,"date":"2022-04-12T16:42:13","date_gmt":"2022-04-12T15:42:13","guid":{"rendered":"https:\/\/www.handballratingen.de\/wp\/?p=20793"},"modified":"2022-04-12T16:42:27","modified_gmt":"2022-04-12T15:42:27","slug":"100-jahre-handball-in-ratingen-ein-guter-grund-zu-feiern","status":"publish","type":"post","link":"https:\/\/www.handballratingen.de\/wp\/?p=20793","title":{"rendered":"100 Jahre Handball in Ratingen &#8211; ein guter Grund zu feiern!"},"content":{"rendered":"<p>Mit Tradition in die Zukunft. Ein Slogan, der h\u00e4ufig inflation\u00e4r genutzt wird, den die Handballabteilung des TV Ratingen jedoch mit Leben f\u00fcllt. Im Jahr 1921 wurde die erste Handballabteilung in Ratingen gegr\u00fcndet und seit je her fliegt das handliche Leder unter der Flagge des TV Ratingen durch die L\u00fcfte. In den ersten 50 Jahren noch ein reiner Freiluftsport und als Feldhandball ber\u00fchmtber\u00fcchtigt, zieht es die Angerl\u00e4nder- Handballer ab Mitte der 70er Jahre in die Halle. Bis zum heutigen Tage wird \u201egr\u00fcn- wei\u00dfer\u201c Handball in Ratingen gelebt und ist mit \u00fcber 200 Mitgliedern aktiver denn je!<\/p>\n<p>So ein besonderer Geburtstag muss gefeiert werden, auch wenn die Feierlichkeiten ein Jahr sp\u00e4ter stattfinden m\u00fcssen. Bereits im Jubil\u00e4umsjahr hat sich die \u201eGeneration Feldhandballer\u201c zu einem gem\u00fctlichen Abend getroffen und auch die Aktiven haben gemeinsam mit einem Mixed- Turnier die aktuelle Saison eingel\u00e4utet. Jetzt wird es h\u00f6chste Zeit das wir gemeinsam den Geburtstag feiern!<\/p>\n<p><strong>21.05.2022- ein Tag im Zeichen des Jubil\u00e4ums<\/strong><\/p>\n<p>Ab 15:30 Uhr kommt es am heimischen Europaring zum sportlichen H\u00f6hepunkt. Seit einigen Jahren schon eine liebgewonnene Tradition, wird es auch dieses Jahr ein Legendenspiel geben. Jedoch dieses Jahr mit einer Erweiterung- es findet nicht nur auch ein Legendenspiel der Herren statt, sondern erstmals auch ein Legendenspiel der Damen!<\/p>\n<p>Auf welche \u201eLegenden\u201c wir uns bei diesen Spielen freuen d\u00fcrfen, werden wir in den n\u00e4chsten Tagen und Wochen auf Facebook berichten. Man darf gespannt sein, wer nochmal alles am Europaring die Schuhe schn\u00fcren wird. So viel darf vorab schon Mal verraten werden, f\u00fcr manch einen ist eine Anreise von hunderten Kilometern kein Hindernis ist, um an diesem Tag dabei zu sein.<\/p>\n<p>Anschlie\u00dfend wird die Feierlichkeit von der Halle zum Grillplatz des TV Ratingen (Stadionring 5) verlegt. Es darf sich auf ein gro\u00dfes Wiedersehen mit alten Mitspielern gefreut werden um gemeinsam 100 Jahre Handball in Ratingen zu feiern. Das Handballer gerne und gut feiern k\u00f6nnen ist schlie\u00dflich hinl\u00e4nglich bekannt.<\/p>\n<p>Jeder der in den letzten 100 Jahren das Gr\u00fcn- Wei\u00dfe Trikot des TV Ratingen getragen hat, ist herzlich eingeladen. Ob nur ein Jahr oder ein Leben lang- wir freuen uns auf Dich!<\/p>\n<p>Eintritt:<\/p>\n<ul>\n<li>Geburtstagsfeier + Legendenspiel: \u20ac 30,- inkl. aller Getr\u00e4nke und \u201eall you can eat\u201c Pizza<\/li>\n<li>Geburtstagsfeier: \u20ac 25,- inkl. aller Getr\u00e4nke und \u201eall you can eat\u201c Pizza<\/li>\n<li>Legendenspiel: \u20ac 10,- inkl. aller Getr\u00e4nke&nbsp;<\/li>\n<\/ul>\n<p>Um noch besser in gemeinsamen Erinnerungen zu schwelgen, sind wir auf der Suche nach Bildern von fr\u00fcher und heute. Falls also noch ein paar Sch\u00e4tze in der Schublade oder Festplatte schlummern, freuen wir uns auf jede Menge Einsendungen: <a href=\"mailto:100jahre@handballratingen.de\">100jahre@handballratingen.de<\/a><\/p>\n<p>Anmeldungen bitte an: <a href=\"mailto:100jahre@handballratingen.de\">100jahre@handballratingen.de<\/a> oder 0170\/735 89 69 (-cz)<\/p>\n","protected":false},"excerpt":{"rendered":"<p>Mit Tradition in die Zukunft. Ein Slogan, der h\u00e4ufig inflation\u00e4r genutzt wird, den die Handballabteilung des TV Ratingen jedoch mit Leben f\u00fcllt. Im Jahr 1921 wurde die erste Handballabteilung in Ratingen gegr\u00fcndet und seit je her fliegt das handliche Leder unter der Flagge des TV Ratingen durch die L\u00fcfte. In  [&#8230;]<\/p>\n","protected":false},"author":24,"featured_media":20795,"comment_status":"closed","ping_status":"open","sticky":false,"template":"","format":"standard","meta":{"ngg_post_thumbnail":0,"jetpack_post_was_ever_published":false,"_jetpack_newsletter_access":"","_jetpack_dont_email_post_to_subs":false,"_jetpack_newsletter_tier_id":0,"_jetpack_memberships_contains_paywalled_content":false,"_jetpack_memberships_contains_paid_content":false,"footnotes":"","jetpack_publicize_message":"","jetpack_publicize_feature_enabled":true,"jetpack_social_post_already_shared":true,"jetpack_social_options":{"image_generator_settings":{"template":"highway","default_image_id":0,"font":"","enabled":false},"version":2}},"categories":[15,9,52,11,94,1],"tags":[],"class_list":["post-20793","post","type-post","status-publish","format-standard","has-post-thumbnail","hentry","category-damen","category-1-herren","category-2-damen","category-2-herren","category-3-damen","category-allgemein"],"jetpack_publicize_connections":[],"jetpack_featured_media_url":"https:\/\/www.handballratingen.de\/wp\/wp-content\/uploads\/2022\/04\/Unbenannt.jpg","jetpack_sharing_enabled":true,"jetpack_shortlink":"https:\/\/wp.me\/p4Z74q-5pn","_links":{"self":[{"href":"https:\/\/www.handballratingen.de\/wp\/index.php?rest_route=\/wp\/v2\/posts\/20793","targetHints":{"allow":["GET"]}}],"collection":[{"href":"https:\/\/www.handballratingen.de\/wp\/index.php?rest_route=\/wp\/v2\/posts"}],"about":[{"href":"https:\/\/www.handballratingen.de\/wp\/index.php?rest_route=\/wp\/v2\/types\/post"}],"author":[{"embeddable":true,"href":"https:\/\/www.handballratingen.de\/wp\/index.php?rest_route=\/wp\/v2\/users\/24"}],"replies":[{"embeddable":true,"href":"https:\/\/www.handballratingen.de\/wp\/index.php?rest_route=%2Fwp%2Fv2%2Fcomments&post=20793"}],"version-history":[{"count":3,"href":"https:\/\/www.handballratingen.de\/wp\/index.php?rest_route=\/wp\/v2\/posts\/20793\/revisions"}],"predecessor-version":[{"id":20797,"href":"https:\/\/www.handballratingen.de\/wp\/index.php?rest_route=\/wp\/v2\/posts\/20793\/revisions\/20797"}],"wp:featuredmedia":[{"embeddable":true,"href":"https:\/\/www.handballratingen.de\/wp\/index.php?rest_route=\/wp\/v2\/media\/20795"}],"wp:attachment":[{"href":"https:\/\/www.handballratingen.de\/wp\/index.php?rest_route=%2Fwp%2Fv2%2Fmedia&parent=20793"}],"wp:term":[{"taxonomy":"category","embeddable":true,"href":"https:\/\/www.handballratingen.de\/wp\/index.php?rest_route=%2Fwp%2Fv2%2Fcategories&post=20793"},{"taxonomy":"post_tag","embeddable":true,"href":"https:\/\/www.handballratingen.de\/wp\/index.php?rest_route=%2Fwp%2Fv2%2Ftags&post=20793"}],"curies":[{"name":"wp","href":"https:\/\/api.w.org\/{rel}","templated":true}]}}