{"id":2112,"date":"2014-01-27T19:01:11","date_gmt":"2014-01-27T17:01:11","guid":{"rendered":"http:\/\/handballratingen.de\/wp\/?p=2112"},"modified":"2019-02-21T13:47:21","modified_gmt":"2019-02-21T12:47:21","slug":"der-tv-ratingen-laedt-zum-kinderkarnevalsumzug-2014-ein","status":"publish","type":"post","link":"https:\/\/www.handballratingen.de\/wp\/?p=2112","title":{"rendered":"Der TV Ratingen l\u00e4dt  zum  Kinderkarnevalsumzug 2014 ein."},"content":{"rendered":"<p style=\"text-align: justify;\"><a href=\"http:\/\/handballratingen.de\/wp\/wp-content\/uploads\/2014\/01\/Plakat-Kinderkarneval.jpg\"><img decoding=\"async\" class=\"alignleft size-medium wp-image-2113\" title=\"Wer mitmachen m\u00f6chte, meldet sich bei karneval@tv-ratingen.de an\" alt=\"Plakat Kinderkarneval\" src=\"http:\/\/handballratingen.de\/wp\/wp-content\/uploads\/2014\/01\/Plakat-Kinderkarneval-212x300.jpg\" width=\"212\" height=\"300\" srcset=\"https:\/\/www.handballratingen.de\/wp\/wp-content\/uploads\/2014\/01\/Plakat-Kinderkarneval-212x300.jpg 212w, https:\/\/www.handballratingen.de\/wp\/wp-content\/uploads\/2014\/01\/Plakat-Kinderkarneval-724x1024.jpg 724w, https:\/\/www.handballratingen.de\/wp\/wp-content\/uploads\/2014\/01\/Plakat-Kinderkarneval.jpg 1000w\" sizes=\"(max-width: 212px) 100vw, 212px\" \/><\/a>Am 02.M\u00e4rz 2014 findet in Ratingen Lintorf der n\u00e4rrische H\u00f6hepunkt der Fastelove-Zeit statt. Dann werden das diesj\u00e4hrige Kinderprinzenpaar Jonas 1. und Hanna 1. ihren gro\u00dfen und kleinen Jecken am Stra\u00dfenrand zuwinken.\u00a0Da sie das nicht alleine k\u00f6nnen, ben\u00f6tigen sie die Unterst\u00fctzung von zahlreichen Kindern, die ein\u00a0 lautes Helau und Kamelle an die Jecken weiter geben.\u00a0Es ist\u00a0 eine lang gepflegte Tradition, dass die Kinder des TV Ratingen dem j\u00e4hrlichen Umzug in Lintorf als Fu\u00dfgruppe beiwohnen. Mit Schwung und Begeisterung bilden die Kinder eine eigene Truppe \u00a0und jubeln den kleinen Jecken im beschaulichen Lintorf zu. Neben den \u201e Helau\u201c\u00a0 Rufen, werfen die Kinder nat\u00fcrlich auch Kamelle. Das Wurfmaterial wird vom TV Ratingen gestellt. Kinder aus allen Sportabteilungen im Alter von <span style=\"color: #000000;\"><strong>7 \u2013 12 Jahren<\/strong><\/span> d\u00fcrfen an dem Umzug teilnehmen.\u00a0Das diesj\u00e4hrige Karnevalsmotto lautet:<\/p>\n<p style=\"text-align: center;\"><strong>\u00a0\u201e TV Jugend \u2013 Ein Traum in Schwarz-Rot-Gold \u201e<\/strong><\/p>\n<p style=\"text-align: justify;\" align=\"center\">Auch unsere Handballjugend wird sich in der Fu\u00dfgruppe eingliedern.Wenn nicht unsere Handballer, wer dann! \u00a0Sie werfen treffsicher und gezielt in die T\u00fcten, Regenschirme, H\u00fcte und K\u00f6rbe der kleinen Jecken. Jeder Teilnehmer erh\u00e4lt eine Weste und eine M\u00fctze in unseren Deutschlandfarben. Wenn Ihr wollt, bringt einfach weiteres Fan-Zubeh\u00f6r mit und schminkt euch nach Herzenslust.\u00a0Damit der Jugendausschuss besser planen kann, bitten wir Euch, eine kurze knackige Email an <a href=\"mailto:karneval@tv-ratingen.de\">karneval@tv-ratingen.de<\/a> zu senden.<\/p>\n<p style=\"text-align: justify;\" align=\"center\">So sieht die kleine, gro\u00dfe Kinderfu\u00dfgruppe aus:<\/p>\n<p style=\"text-align: justify;\" align=\"center\"><a href=\"http:\/\/handballratingen.de\/wp\/wp-content\/uploads\/2014\/01\/TV6.jpg\"><img decoding=\"async\" class=\"alignleft size-medium wp-image-2116\" alt=\"KONICA MINOLTA DIGITAL CAMERA\" src=\"http:\/\/handballratingen.de\/wp\/wp-content\/uploads\/2014\/01\/TV6-300x225.jpg\" width=\"300\" height=\"225\" srcset=\"https:\/\/www.handballratingen.de\/wp\/wp-content\/uploads\/2014\/01\/TV6-300x225.jpg 300w, https:\/\/www.handballratingen.de\/wp\/wp-content\/uploads\/2014\/01\/TV6.jpg 1000w\" sizes=\"(max-width: 300px) 100vw, 300px\" \/><\/a> <a href=\"http:\/\/handballratingen.de\/wp\/wp-content\/uploads\/2014\/01\/TV2.jpg\"><img decoding=\"async\" class=\"alignleft size-medium wp-image-2115\" alt=\"KONICA MINOLTA DIGITAL CAMERA\" src=\"http:\/\/handballratingen.de\/wp\/wp-content\/uploads\/2014\/01\/TV2-300x225.jpg\" width=\"300\" height=\"225\" srcset=\"https:\/\/www.handballratingen.de\/wp\/wp-content\/uploads\/2014\/01\/TV2-300x225.jpg 300w, https:\/\/www.handballratingen.de\/wp\/wp-content\/uploads\/2014\/01\/TV2.jpg 1000w\" sizes=\"(max-width: 300px) 100vw, 300px\" \/><\/a> <a href=\"http:\/\/handballratingen.de\/wp\/wp-content\/uploads\/2014\/01\/P10605801.jpg\"><img decoding=\"async\" class=\"alignleft size-medium wp-image-2114\" alt=\"P1060580(1)\" src=\"http:\/\/handballratingen.de\/wp\/wp-content\/uploads\/2014\/01\/P10605801-300x225.jpg\" width=\"300\" height=\"225\" srcset=\"https:\/\/www.handballratingen.de\/wp\/wp-content\/uploads\/2014\/01\/P10605801-300x225.jpg 300w, https:\/\/www.handballratingen.de\/wp\/wp-content\/uploads\/2014\/01\/P10605801.jpg 1024w\" sizes=\"(max-width: 300px) 100vw, 300px\" \/><\/a><\/p>\n<p>&nbsp;<\/p>\n","protected":false},"excerpt":{"rendered":"<p>Am 02.M\u00e4rz 2014 findet in Ratingen Lintorf der n\u00e4rrische H\u00f6hepunkt der Fastelove-Zeit statt. Dann werden das diesj\u00e4hrige Kinderprinzenpaar Jonas 1. und Hanna 1. ihren gro\u00dfen und kleinen Jecken am Stra\u00dfenrand zuwinken.\u00a0Da sie das nicht alleine k\u00f6nnen, ben\u00f6tigen sie die Unterst\u00fctzung von zahlreichen Kindern, die ein\u00a0 lautes Helau und Kamelle an  [&#8230;]<\/p>\n","protected":false},"author":1,"featured_media":0,"comment_status":"closed","ping_status":"open","sticky":false,"template":"","format":"standard","meta":{"ngg_post_thumbnail":0,"jetpack_post_was_ever_published":false,"_jetpack_newsletter_access":"","_jetpack_dont_email_post_to_subs":false,"_jetpack_newsletter_tier_id":0,"_jetpack_memberships_contains_paywalled_content":false,"_jetpack_memberships_contains_paid_content":false,"footnotes":"","jetpack_publicize_message":"","jetpack_publicize_feature_enabled":true,"jetpack_social_post_already_shared":false,"jetpack_social_options":{"image_generator_settings":{"template":"highway","default_image_id":0,"font":"","enabled":false},"version":2}},"categories":[1],"tags":[],"class_list":["post-2112","post","type-post","status-publish","format-standard","hentry","category-allgemein"],"jetpack_publicize_connections":[],"jetpack_featured_media_url":"","jetpack_sharing_enabled":true,"jetpack_shortlink":"https:\/\/wp.me\/p4Z74q-y4","_links":{"self":[{"href":"https:\/\/www.handballratingen.de\/wp\/index.php?rest_route=\/wp\/v2\/posts\/2112","targetHints":{"allow":["GET"]}}],"collection":[{"href":"https:\/\/www.handballratingen.de\/wp\/index.php?rest_route=\/wp\/v2\/posts"}],"about":[{"href":"https:\/\/www.handballratingen.de\/wp\/index.php?rest_route=\/wp\/v2\/types\/post"}],"author":[{"embeddable":true,"href":"https:\/\/www.handballratingen.de\/wp\/index.php?rest_route=\/wp\/v2\/users\/1"}],"replies":[{"embeddable":true,"href":"https:\/\/www.handballratingen.de\/wp\/index.php?rest_route=%2Fwp%2Fv2%2Fcomments&post=2112"}],"version-history":[{"count":7,"href":"https:\/\/www.handballratingen.de\/wp\/index.php?rest_route=\/wp\/v2\/posts\/2112\/revisions"}],"predecessor-version":[{"id":2123,"href":"https:\/\/www.handballratingen.de\/wp\/index.php?rest_route=\/wp\/v2\/posts\/2112\/revisions\/2123"}],"wp:attachment":[{"href":"https:\/\/www.handballratingen.de\/wp\/index.php?rest_route=%2Fwp%2Fv2%2Fmedia&parent=2112"}],"wp:term":[{"taxonomy":"category","embeddable":true,"href":"https:\/\/www.handballratingen.de\/wp\/index.php?rest_route=%2Fwp%2Fv2%2Fcategories&post=2112"},{"taxonomy":"post_tag","embeddable":true,"href":"https:\/\/www.handballratingen.de\/wp\/index.php?rest_route=%2Fwp%2Fv2%2Ftags&post=2112"}],"curies":[{"name":"wp","href":"https:\/\/api.w.org\/{rel}","templated":true}]}}