{"id":21230,"date":"2022-09-09T10:18:14","date_gmt":"2022-09-09T09:18:14","guid":{"rendered":"https:\/\/www.handballratingen.de\/wp\/?p=21230"},"modified":"2022-09-09T10:18:14","modified_gmt":"2022-09-09T09:18:14","slug":"niederlage-der-l-herren-zum-saisonauftakt-im-lokalderby","status":"publish","type":"post","link":"https:\/\/www.handballratingen.de\/wp\/?p=21230","title":{"rendered":"Niederlage der l. Herren zum Saisonauftakt im Lokalderby"},"content":{"rendered":"<p style=\"text-align: center;\"><em>Leider begann die Saisonpremiere unserer \u201eNeuen Ersten\u201c mit einer verdienten<\/em><br \/>\n<em>Niederlage gegen die Zweitvertretung vom TV Angermund.<\/em><\/p>\n<p style=\"text-align: left;\"><strong>TV Angermund vs TV Ratingen I &nbsp;27:24 &nbsp;(16:11)<\/strong><\/p>\n<p>Nach einem ausgeglichenen Beginn der Partie verloren die Herren des TVR im Anschluss<br \/>\ndie Spielkontrolle: Neben einer unfassbaren Fehlerquote im Torabschluss<br \/>\nwurden die Gastgeber geradezu zum Torabschluss eingeladen. K\u00f6rperbetontes Abwehrverhalten sieht anders aus. Die Angermunder erspielten sich nunmehr eine 10:5-F\u00fchrung und verteidigten diese m\u00fchelos bis zur Halbzeitsirene (<span dir=\"ltr\">16:11<\/span>).<\/p>\n<p style=\"text-align: left;\">In der zweiten Halbzeit versuchte die Mannschaft noch einmal alles: Eine klare Steigerung zur ersten H\u00e4lfte war zu erkennen. Phasenweise konnten wir den R\u00fcckstand auf drei Tore minimieren.<br \/>\nZu mehr reichte es aber nicht mehr, da sich das Team in den entscheidenen Phasen immer wieder selbst im Weg stand.<br \/>\nAufgrund der Unzul\u00e4nglichkeiten gelang es den Angermundern den Vorsprung dann sicher \u00fcber die Zeit zu bringen.<\/p>\n<p>Ein wirklich gebrauchter Nachmittag.<\/p>\n<p>Spielfilm:<\/p>\n<p>1:2\/4:4\/6:5\/10:5\/13:6\/15:9\/<span dir=\"ltr\">16:11 &#8211; 17:14<\/span>\/20:15\/21:17\/22:19\/25:22\/27:22\/27:24<\/p>\n<p>Es spielten:<\/p>\n<p style=\"text-align: left;\">\nPawlik, Scholz, &#8211; Bertram, Zemla n.e, Schmidt <span dir=\"ltr\">P. (6\/2),&nbsp;<\/span>Schmidt C. (1), Fischer (1),<br \/>\nRemke (9), Gutsche, Czarnecki (1); Oberwinster (2), Pohlmeyer n.e., Steffen (1),&nbsp;Lasalle (2)<\/p>\n<p style=\"text-align: left;\">(-so)<\/p>\n<p>&nbsp;<\/p>\nngg_shortcode_0_placeholder\n","protected":false},"excerpt":{"rendered":"<p>Leider begann die Saisonpremiere unserer \u201eNeuen Ersten\u201c mit einer verdienten Niederlage gegen die Zweitvertretung vom TV Angermund. TV Angermund vs TV Ratingen I &nbsp;27:24 &nbsp;(16:11) Nach einem ausgeglichenen Beginn der Partie verloren die Herren des TVR im Anschluss die Spielkontrolle: Neben einer unfassbaren Fehlerquote im Torabschluss wurden die Gastgeber geradezu  [&#8230;]<\/p>\n","protected":false},"author":27,"featured_media":21231,"comment_status":"closed","ping_status":"open","sticky":false,"template":"","format":"standard","meta":{"ngg_post_thumbnail":0,"jetpack_post_was_ever_published":false,"_jetpack_newsletter_access":"","_jetpack_dont_email_post_to_subs":false,"_jetpack_newsletter_tier_id":0,"_jetpack_memberships_contains_paywalled_content":false,"_jetpack_memberships_contains_paid_content":false,"footnotes":"","jetpack_publicize_message":"","jetpack_publicize_feature_enabled":true,"jetpack_social_post_already_shared":true,"jetpack_social_options":{"image_generator_settings":{"template":"highway","default_image_id":0,"font":"","enabled":false},"version":2}},"categories":[9],"tags":[],"class_list":["post-21230","post","type-post","status-publish","format-standard","has-post-thumbnail","hentry","category-1-herren"],"jetpack_publicize_connections":[],"jetpack_featured_media_url":"https:\/\/www.handballratingen.de\/wp\/wp-content\/uploads\/2022\/09\/8A864F7B-3616-400E-B8B8-4CB9428F7434-scaled.jpeg","jetpack_sharing_enabled":true,"jetpack_shortlink":"https:\/\/wp.me\/p4Z74q-5wq","_links":{"self":[{"href":"https:\/\/www.handballratingen.de\/wp\/index.php?rest_route=\/wp\/v2\/posts\/21230","targetHints":{"allow":["GET"]}}],"collection":[{"href":"https:\/\/www.handballratingen.de\/wp\/index.php?rest_route=\/wp\/v2\/posts"}],"about":[{"href":"https:\/\/www.handballratingen.de\/wp\/index.php?rest_route=\/wp\/v2\/types\/post"}],"author":[{"embeddable":true,"href":"https:\/\/www.handballratingen.de\/wp\/index.php?rest_route=\/wp\/v2\/users\/27"}],"replies":[{"embeddable":true,"href":"https:\/\/www.handballratingen.de\/wp\/index.php?rest_route=%2Fwp%2Fv2%2Fcomments&post=21230"}],"version-history":[{"count":1,"href":"https:\/\/www.handballratingen.de\/wp\/index.php?rest_route=\/wp\/v2\/posts\/21230\/revisions"}],"predecessor-version":[{"id":21232,"href":"https:\/\/www.handballratingen.de\/wp\/index.php?rest_route=\/wp\/v2\/posts\/21230\/revisions\/21232"}],"wp:featuredmedia":[{"embeddable":true,"href":"https:\/\/www.handballratingen.de\/wp\/index.php?rest_route=\/wp\/v2\/media\/21231"}],"wp:attachment":[{"href":"https:\/\/www.handballratingen.de\/wp\/index.php?rest_route=%2Fwp%2Fv2%2Fmedia&parent=21230"}],"wp:term":[{"taxonomy":"category","embeddable":true,"href":"https:\/\/www.handballratingen.de\/wp\/index.php?rest_route=%2Fwp%2Fv2%2Fcategories&post=21230"},{"taxonomy":"post_tag","embeddable":true,"href":"https:\/\/www.handballratingen.de\/wp\/index.php?rest_route=%2Fwp%2Fv2%2Ftags&post=21230"}],"curies":[{"name":"wp","href":"https:\/\/api.w.org\/{rel}","templated":true}]}}