{"id":21859,"date":"2022-12-15T08:36:27","date_gmt":"2022-12-15T07:36:27","guid":{"rendered":"https:\/\/www.handballratingen.de\/wp\/?p=21859"},"modified":"2022-12-15T08:36:27","modified_gmt":"2022-12-15T07:36:27","slug":"c-jugend-mit-punkteverlust-gegen-hc-duesseldorf","status":"publish","type":"post","link":"https:\/\/www.handballratingen.de\/wp\/?p=21859","title":{"rendered":"C- Jugend mit Punkteverlust gegen HC D\u00fcsseldorf"},"content":{"rendered":"<p style=\"text-align: center;\"><em>Am Samstag spielten die Jungs aus Ratingen gegen den Tabellenf\u00fchrer aus D\u00fcsseldorf. Dieser nahm die zwei Punkte als Ausw\u00e4rtssieg mit nach Hause.<\/em><\/p>\n<p class=\"s4\" style=\"text-align: center;\"><strong><span class=\"s2\">TV Ratingen vs. HC D\u00fcsseldorf II &nbsp;20:35 (8:18<\/span><span class=\"s3\"><span class=\"bumpedFont15\">)<\/span><\/span><\/strong><\/p>\n<p><span class=\"s5\"><span class=\"bumpedFont15\">Die Rat<\/span><\/span><span class=\"s5\"><span class=\"bumpedFont15\">inger Jungs gingen in das Spiel mit dem Wissen, dass gute Spieler aus dem <\/span><\/span><span class=\"s5\"><span class=\"bumpedFont15\">festen<\/span><\/span><span class=\"s5\"><span class=\"bumpedFont15\"> Kader krankheitsbedingt aussetzten und dieses Spiel gegen die G\u00e4ste aus D\u00fcsseldorf ein anstrengendes Spiel werden w\u00fcrde. Zu Beginn<\/span><\/span><span class=\"s5\"><span class=\"bumpedFont15\"> schien sie dieser Gedanke nicht davon abzuhalten, mit einem<\/span><\/span><span class=\"s5\"><span class=\"bumpedFont15\"> 3-<\/span><\/span><span class=\"s5\"><span class=\"bumpedFont15\">Tore-Vorsprung in F\u00fchrung zu gehen<\/span><\/span><span class=\"s5\"><span class=\"bumpedFont15\"> (5:2, 5.). Dann lie\u00df jedoch diese Konzentration nach,&nbsp;<\/span><\/span><span class=\"s5\"><span class=\"bumpedFont15\">wodurch die G\u00e4ste aus D\u00fcsseldorf&nbsp;<\/span><\/span><span class=\"s5\"><span class=\"bumpedFont15\">wieder ins Spiel finden konnten. Trotz allem lie\u00df sich die C-Jugend nicht unterkriegen und stand nach einem gehaltenen Siebenmeter durch&nbsp;<\/span><\/span><span class=\"s5\"><span class=\"bumpedFont15\">Lucas<\/span><\/span><span class=\"s5\"><span class=\"bumpedFont15\">, der nahezu als fliegender Torh\u00fcter im Tor bezeichnet werden konnte, zeitweise auf Augenh\u00f6he mit dem Tabellenf\u00fchrer. Nach einer Auszeit seitens der Gegner, konnten die Jungs aus Ratingen den &nbsp;D\u00fcsseldorfern jedoch nur schleppend folgen und so stand es nach 17 Minuten&nbsp;<\/span><\/span><span class=\"s5\"><span class=\"bumpedFont15\">07:11.&nbsp;<\/span><\/span>Die Hoffnung, den Vorsprung der D\u00fcsseldorfer noch aufholen zu k\u00f6nnen, schien dann durch zu einfachere Abschl\u00fcsse auf das eigene Tor in immer weitere Ferne zu geraten. Die C-Jugend musste daraufhin mit einem 10-Tore-R\u00fcckstand in die Pause gehen.<\/p>\n<p><span class=\"s5\"><span class=\"bumpedFont15\">In der zweiten Halbzeit wurden die Jungs in Gr\u00fcn f\u00fcr ihre Fehler in der Abwehr gnadenlos bestraft. Die meisten Gegentore fielen durch Fehler beim Zusammenrutschen und dem nicht gegenseitigen Helfen in der Abwehr. Somit konnte <\/span><\/span><span class=\"s5\"><span class=\"bumpedFont15\">auch kein <\/span><\/span><span class=\"s5\"><span class=\"bumpedFont15\">zweiter gehaltener Siebenmeter und <\/span><\/span><span class=\"s5\"><span class=\"bumpedFont15\">sch\u00f6ne einfache Tore von Timon und Lucas die Partie noch retten. <\/span><\/span><\/p>\n<p><span class=\"s5\"><span class=\"bumpedFont15\">Diese Partie gegen die D\u00fcsseldorfer muss zwar als Niederlage erachtet, aber auch als eine gro\u00dfe Chance des Lernprozesses gesehen werden.<\/span><\/span><\/p>\n<p><span class=\"s5\"><span class=\"bumpedFont15\">Es spielte: Lucas (2) (Tor) &#8211; Georgius (6), Maximilian (2), Kilian (2), Martin, Nick (2), Anton, Nikolos (1), Timon (2), Jonas (3)<\/span><\/span><\/p>\n<p>&nbsp;<\/p>\n<p>(-ih)<\/p>\n","protected":false},"excerpt":{"rendered":"<p>Am Samstag spielten die Jungs aus Ratingen gegen den Tabellenf\u00fchrer aus D\u00fcsseldorf. Dieser nahm die zwei Punkte als Ausw\u00e4rtssieg mit nach Hause. TV Ratingen vs. HC D\u00fcsseldorf II &nbsp;20:35 (8:18) Die Ratinger Jungs gingen in das Spiel mit dem Wissen, dass gute Spieler aus dem festen Kader krankheitsbedingt aussetzten und  [&#8230;]<\/p>\n","protected":false},"author":27,"featured_media":0,"comment_status":"closed","ping_status":"open","sticky":false,"template":"","format":"standard","meta":{"ngg_post_thumbnail":0,"jetpack_post_was_ever_published":false,"_jetpack_newsletter_access":"","_jetpack_dont_email_post_to_subs":false,"_jetpack_newsletter_tier_id":0,"_jetpack_memberships_contains_paywalled_content":false,"_jetpack_memberships_contains_paid_content":false,"footnotes":"","jetpack_publicize_message":"","jetpack_publicize_feature_enabled":true,"jetpack_social_post_already_shared":true,"jetpack_social_options":{"image_generator_settings":{"template":"highway","default_image_id":0,"font":"","enabled":false},"version":2}},"categories":[21],"tags":[],"class_list":["post-21859","post","type-post","status-publish","format-standard","hentry","category-c-jugend"],"jetpack_publicize_connections":[],"jetpack_featured_media_url":"","jetpack_sharing_enabled":true,"jetpack_shortlink":"https:\/\/wp.me\/p4Z74q-5Gz","_links":{"self":[{"href":"https:\/\/www.handballratingen.de\/wp\/index.php?rest_route=\/wp\/v2\/posts\/21859","targetHints":{"allow":["GET"]}}],"collection":[{"href":"https:\/\/www.handballratingen.de\/wp\/index.php?rest_route=\/wp\/v2\/posts"}],"about":[{"href":"https:\/\/www.handballratingen.de\/wp\/index.php?rest_route=\/wp\/v2\/types\/post"}],"author":[{"embeddable":true,"href":"https:\/\/www.handballratingen.de\/wp\/index.php?rest_route=\/wp\/v2\/users\/27"}],"replies":[{"embeddable":true,"href":"https:\/\/www.handballratingen.de\/wp\/index.php?rest_route=%2Fwp%2Fv2%2Fcomments&post=21859"}],"version-history":[{"count":1,"href":"https:\/\/www.handballratingen.de\/wp\/index.php?rest_route=\/wp\/v2\/posts\/21859\/revisions"}],"predecessor-version":[{"id":21861,"href":"https:\/\/www.handballratingen.de\/wp\/index.php?rest_route=\/wp\/v2\/posts\/21859\/revisions\/21861"}],"wp:attachment":[{"href":"https:\/\/www.handballratingen.de\/wp\/index.php?rest_route=%2Fwp%2Fv2%2Fmedia&parent=21859"}],"wp:term":[{"taxonomy":"category","embeddable":true,"href":"https:\/\/www.handballratingen.de\/wp\/index.php?rest_route=%2Fwp%2Fv2%2Fcategories&post=21859"},{"taxonomy":"post_tag","embeddable":true,"href":"https:\/\/www.handballratingen.de\/wp\/index.php?rest_route=%2Fwp%2Fv2%2Ftags&post=21859"}],"curies":[{"name":"wp","href":"https:\/\/api.w.org\/{rel}","templated":true}]}}