{"id":22296,"date":"2023-03-16T13:57:45","date_gmt":"2023-03-16T12:57:45","guid":{"rendered":"https:\/\/www.handballratingen.de\/wp\/?p=22296"},"modified":"2023-03-16T13:57:45","modified_gmt":"2023-03-16T12:57:45","slug":"f-jugend-wird-vorzeitig-kreismeister","status":"publish","type":"post","link":"https:\/\/www.handballratingen.de\/wp\/?p=22296","title":{"rendered":"F-Jugend wird vorzeitig Kreismeister"},"content":{"rendered":"<p style=\"text-align: left;\"><span style=\"font-family: sans-serif; font-size: small;\">Nach einer bisher perfekten Saison mit null Verlustpunkten traf die F-Jugend am vergangenen Samstag auf den Mitfavoriten Interaktiv Ratingen, der bisher nur einen Verlustpunkt hatte.<\/span><br \/>\n<span style=\"font-family: sans-serif; font-size: small;\">Die Spannung war gro\u00df, denn der Gewinner w\u00fcrde die Meisterschaft gewinnen.<\/span><br \/>\n<span style=\"font-family: sans-serif; font-size: small;\">P\u00fcnktlich <span dir=\"ltr\">um 14 Uhr<\/span> begann das Spiel und die Jungs gingen, vor allem durch feine Tore von Ole, schnell in F\u00fchrung. Konzentriert wurde gedeckt und so konnten viele B\u00e4lle abgefangen werden. <\/span><br \/>\n<span style=\"font-family: sans-serif; font-size: small;\">Caspar stand sicher im Tor und konnte durch lange B\u00e4lle das Spiel sehr schnell gestalten, so dass es zur Pause schon 18:8 stand.<\/span><\/p>\n<p><span style=\"font-family: sans-serif; font-size: small;\">Interaktiv war nur mit 6 Kindern gekommen, die allerdings nicht aufgaben und immer wieder der Manndeckung entkommen und Tore werfen konnten.<\/span><\/p>\n<p><span style=\"font-family: sans-serif; font-size: small;\">In der 2. Halbzeit spielte Theo im Tor, so dass Caspar sich auch mit sch\u00f6nen Toren in die Torsch\u00fctzenliste neben Kendrick, Ludwig und Jaron eintrug. Die Manndeckung wurde dann nicht mehr so genau genommen und so gelang es Interaktiv auf 26:20 heranzukommen. In der Auszeit wurde nochmal zur Konzentration aufgerufen und so konnte das Spiel sicher mit 31:23 gewonnen werden.<\/span><\/p>\n<p><span style=\"font-family: sans-serif; font-size: small;\">Unter gro\u00dfem Jubel der gut gef\u00fcllten Trib\u00fcne feierten die Jungs die Meisterschaft und bedankten sich bei <b>Felix Kels<\/b>, der die Handballjugend mit einheitlichen Aufw\u00e4rmshirts ausgestattet hat.<\/span><\/p>\n<p><span style=\"font-family: sans-serif; font-size: small;\">Anschlie\u00dfend gab es noch Pizza in der Halle und da das Spiel der 2. Damenmannschaft ausfiel auch noch Gelegenheit, den eigenen Papa im Tor zu testen.<\/span><\/p>\n<p><span style=\"font-family: sans-serif; font-size: small;\">N\u00e4chste Woche geht es zum letzten Spiel nach Erkrath und das soll f\u00fcr eine perfekte Saison nat\u00fcrlich auch gewonnen werden.<\/span><\/p>\n<p><span style=\"font-family: sans-serif; font-size: small;\">Es spielten: Caspar, Theo, Marlon, Mats, Luca, Tom, Ole, Kendrick, Johann, Ludwig, Jaron, Benjamin, Nils und Jakob<\/span><\/p>\n<p style=\"text-align: left;\">(-be)<\/p>\nngg_shortcode_0_placeholder\n<p style=\"text-align: left;\">&nbsp;<\/p>\n","protected":false},"excerpt":{"rendered":"<p>Nach einer bisher perfekten Saison mit null Verlustpunkten traf die F-Jugend am vergangenen Samstag auf den Mitfavoriten Interaktiv Ratingen, der bisher nur einen Verlustpunkt hatte. Die Spannung war gro\u00df, denn der Gewinner w\u00fcrde die Meisterschaft gewinnen. P\u00fcnktlich um 14 Uhr begann das Spiel und die Jungs gingen, vor allem durch  [&#8230;]<\/p>\n","protected":false},"author":27,"featured_media":22299,"comment_status":"closed","ping_status":"open","sticky":false,"template":"","format":"standard","meta":{"ngg_post_thumbnail":0,"jetpack_post_was_ever_published":false,"_jetpack_newsletter_access":"","_jetpack_dont_email_post_to_subs":false,"_jetpack_newsletter_tier_id":0,"_jetpack_memberships_contains_paywalled_content":false,"_jetpack_memberships_contains_paid_content":false,"footnotes":"","jetpack_publicize_message":"","jetpack_publicize_feature_enabled":true,"jetpack_social_post_already_shared":true,"jetpack_social_options":{"image_generator_settings":{"template":"highway","default_image_id":0,"font":"","enabled":false},"version":2}},"categories":[27],"tags":[],"class_list":["post-22296","post","type-post","status-publish","format-standard","has-post-thumbnail","hentry","category-f-jugend-2"],"jetpack_publicize_connections":[],"jetpack_featured_media_url":"https:\/\/www.handballratingen.de\/wp\/wp-content\/uploads\/2023\/03\/A4C604BF-E09A-4FD8-8560-C7B6F631EF43-scaled.jpeg","jetpack_sharing_enabled":true,"jetpack_shortlink":"https:\/\/wp.me\/p4Z74q-5NC","_links":{"self":[{"href":"https:\/\/www.handballratingen.de\/wp\/index.php?rest_route=\/wp\/v2\/posts\/22296","targetHints":{"allow":["GET"]}}],"collection":[{"href":"https:\/\/www.handballratingen.de\/wp\/index.php?rest_route=\/wp\/v2\/posts"}],"about":[{"href":"https:\/\/www.handballratingen.de\/wp\/index.php?rest_route=\/wp\/v2\/types\/post"}],"author":[{"embeddable":true,"href":"https:\/\/www.handballratingen.de\/wp\/index.php?rest_route=\/wp\/v2\/users\/27"}],"replies":[{"embeddable":true,"href":"https:\/\/www.handballratingen.de\/wp\/index.php?rest_route=%2Fwp%2Fv2%2Fcomments&post=22296"}],"version-history":[{"count":2,"href":"https:\/\/www.handballratingen.de\/wp\/index.php?rest_route=\/wp\/v2\/posts\/22296\/revisions"}],"predecessor-version":[{"id":22300,"href":"https:\/\/www.handballratingen.de\/wp\/index.php?rest_route=\/wp\/v2\/posts\/22296\/revisions\/22300"}],"wp:featuredmedia":[{"embeddable":true,"href":"https:\/\/www.handballratingen.de\/wp\/index.php?rest_route=\/wp\/v2\/media\/22299"}],"wp:attachment":[{"href":"https:\/\/www.handballratingen.de\/wp\/index.php?rest_route=%2Fwp%2Fv2%2Fmedia&parent=22296"}],"wp:term":[{"taxonomy":"category","embeddable":true,"href":"https:\/\/www.handballratingen.de\/wp\/index.php?rest_route=%2Fwp%2Fv2%2Fcategories&post=22296"},{"taxonomy":"post_tag","embeddable":true,"href":"https:\/\/www.handballratingen.de\/wp\/index.php?rest_route=%2Fwp%2Fv2%2Ftags&post=22296"}],"curies":[{"name":"wp","href":"https:\/\/api.w.org\/{rel}","templated":true}]}}