{"id":22845,"date":"2023-09-21T17:38:09","date_gmt":"2023-09-21T16:38:09","guid":{"rendered":"https:\/\/www.handballratingen.de\/wp\/?p=22845"},"modified":"2023-09-21T17:38:09","modified_gmt":"2023-09-21T16:38:09","slug":"zweite-mannschaft-gewinnt-in-neuss","status":"publish","type":"post","link":"https:\/\/www.handballratingen.de\/wp\/?p=22845","title":{"rendered":"Zweite Mannschaft gewinnt in Neuss"},"content":{"rendered":"<p class=\"p3\" style=\"text-align: center;\"><em><span class=\"s2\">Nach dem am letzten Wochenende f\u00fcr die Zweite kein Spiel auf dem Programm stand, ging es nun zum Ausw\u00e4rtsspiel gegen den Neusser HV III. <\/span><span class=\"s2\">Die Vorzeichen vor dem Spiel waren klar: Neuss hatte die ersten beiden Spiele deutlich verloren, die Zweite ihren Saisonauftakt klar gewonnen.<span class=\"Apple-converted-space\">&nbsp;<\/span><\/span><\/em><\/p>\n<p style=\"text-align: center;\"><strong>TV Ratingen vs. Neusser HV III &nbsp; &nbsp;25:28 &nbsp;(13:16)<\/strong><\/p>\n<p class=\"p3\"><span class=\"s2\">Aber das Spiel gestaltete sich anders, als es die Ausgangslage prognostizieren lies. Neuss entpuppte sich als unangenehmer Gegner. In den ersten 8 Minuten konnte sich keine Mannschaft so wirklich absetzen (4:4). Doch binnen zweier Minuten konnte sich die Zweite einen 4-Tore-Vorsprung erspielen (4:8). Die Heimmannschaft aus Neuss k\u00e4mpfte sich aber zur\u00fcck ins Spiel und erzielte in der 24. Minuten den Ausgleich (<span dir=\"ltr\">12:12<\/span>). Bis zur Pause schafften es die Gr\u00fcn-Wei\u00dfen eine Pausenf\u00fchrung von <span dir=\"ltr\">13:16<\/span> zu erspielen.<span class=\"Apple-converted-space\">&nbsp;<\/span><\/span><\/p>\n<p class=\"p3\"><span class=\"s2\">Der zweite Durchgang begann vielversprechend: innerhalb von sechs Minuten baute die Zweite ihre F\u00fchrung auf <span dir=\"ltr\">16:22<\/span> aus. Anstatt das Spiel sicher nach Hause zu bringen, begann nun das gro\u00dfe Zittern! In der letzten Viertelstunde konnten lediglich drei Tore erzielt werden. Jedoch konnte man sich auf den guten Dirk Rottsch\u00e4fer im Tor verlassen, der in dieser Phase die zwei Punkte f\u00fcr sein Team buchst\u00e4blich festhielt.<\/span><\/p>\n<p class=\"p3\"><span class=\"s2\">Am Ende gewinnt die Zweite mit 25:28 und holt im zweiten Spiel den zweiten Sieg.<\/span><\/p>\n<p class=\"p3\">Mannschaftsaufstellung:<\/p>\n<p class=\"p3\">Dirk Rottsch\u00e4fer &#8211; <span class=\"s2\">Martin Zietz (3), Yann Gutrath (1), Raphael Zietz, Marc Geisler (7\/6), Tim Holtkamp (2), Raphael R\u00f6ttges (1), Max Terwint (3), David Fischer (7), Patrick Schwenzer (2), Lars Burzan (2)<\/span><\/p>\n<p class=\"p3\"><span class=\"s2\">Am kommenden Wochenende, geht es zum dritten Ausw\u00e4rtsspiel am dritten Spieltag zum Meerbuscher HV. Es z\u00e4hlt jede Unterst\u00fctzung!<span class=\"Apple-converted-space\">&nbsp;<\/span><\/span><\/p>\n<p class=\"p3\"><span class=\"s2\"><span dir=\"ltr\">Sa. 23.09.2023 \/\/ <\/span><\/span><span class=\"s2\"><span dir=\"ltr\">16:15 Uhr<\/span><span class=\"Apple-converted-space\">&nbsp; &#8211; <\/span><\/span><span class=\"s2\"><span dir=\"ltr\">Niederdonker Stra\u00dfe 34, 40667 Meerbusch<\/span><span class=\"Apple-converted-space\">&nbsp;<\/span><\/span><\/p>\n<p>(-cz)<\/p>\n","protected":false},"excerpt":{"rendered":"<p>Nach dem am letzten Wochenende f\u00fcr die Zweite kein Spiel auf dem Programm stand, ging es nun zum Ausw\u00e4rtsspiel gegen den Neusser HV III. Die Vorzeichen vor dem Spiel waren klar: Neuss hatte die ersten beiden Spiele deutlich verloren, die Zweite ihren Saisonauftakt klar gewonnen.&nbsp; TV Ratingen vs. Neusser HV  [&#8230;]<\/p>\n","protected":false},"author":27,"featured_media":22846,"comment_status":"closed","ping_status":"open","sticky":false,"template":"","format":"standard","meta":{"ngg_post_thumbnail":0,"jetpack_post_was_ever_published":false,"_jetpack_newsletter_access":"","_jetpack_dont_email_post_to_subs":false,"_jetpack_newsletter_tier_id":0,"_jetpack_memberships_contains_paywalled_content":false,"_jetpack_memberships_contains_paid_content":false,"footnotes":"","jetpack_publicize_message":"","jetpack_publicize_feature_enabled":true,"jetpack_social_post_already_shared":true,"jetpack_social_options":{"image_generator_settings":{"template":"highway","default_image_id":0,"font":"","enabled":false},"version":2}},"categories":[11],"tags":[],"class_list":["post-22845","post","type-post","status-publish","format-standard","has-post-thumbnail","hentry","category-2-herren"],"jetpack_publicize_connections":[],"jetpack_featured_media_url":"https:\/\/www.handballratingen.de\/wp\/wp-content\/uploads\/2023\/09\/5c18027a-7c5a-4404-95c5-ef70bffca6b8.jpeg","jetpack_sharing_enabled":true,"jetpack_shortlink":"https:\/\/wp.me\/p4Z74q-5Wt","_links":{"self":[{"href":"https:\/\/www.handballratingen.de\/wp\/index.php?rest_route=\/wp\/v2\/posts\/22845","targetHints":{"allow":["GET"]}}],"collection":[{"href":"https:\/\/www.handballratingen.de\/wp\/index.php?rest_route=\/wp\/v2\/posts"}],"about":[{"href":"https:\/\/www.handballratingen.de\/wp\/index.php?rest_route=\/wp\/v2\/types\/post"}],"author":[{"embeddable":true,"href":"https:\/\/www.handballratingen.de\/wp\/index.php?rest_route=\/wp\/v2\/users\/27"}],"replies":[{"embeddable":true,"href":"https:\/\/www.handballratingen.de\/wp\/index.php?rest_route=%2Fwp%2Fv2%2Fcomments&post=22845"}],"version-history":[{"count":1,"href":"https:\/\/www.handballratingen.de\/wp\/index.php?rest_route=\/wp\/v2\/posts\/22845\/revisions"}],"predecessor-version":[{"id":22847,"href":"https:\/\/www.handballratingen.de\/wp\/index.php?rest_route=\/wp\/v2\/posts\/22845\/revisions\/22847"}],"wp:featuredmedia":[{"embeddable":true,"href":"https:\/\/www.handballratingen.de\/wp\/index.php?rest_route=\/wp\/v2\/media\/22846"}],"wp:attachment":[{"href":"https:\/\/www.handballratingen.de\/wp\/index.php?rest_route=%2Fwp%2Fv2%2Fmedia&parent=22845"}],"wp:term":[{"taxonomy":"category","embeddable":true,"href":"https:\/\/www.handballratingen.de\/wp\/index.php?rest_route=%2Fwp%2Fv2%2Fcategories&post=22845"},{"taxonomy":"post_tag","embeddable":true,"href":"https:\/\/www.handballratingen.de\/wp\/index.php?rest_route=%2Fwp%2Fv2%2Ftags&post=22845"}],"curies":[{"name":"wp","href":"https:\/\/api.w.org\/{rel}","templated":true}]}}