{"id":23547,"date":"2023-12-07T21:52:59","date_gmt":"2023-12-07T20:52:59","guid":{"rendered":"https:\/\/www.handballratingen.de\/wp\/?p=23547"},"modified":"2023-12-07T21:52:59","modified_gmt":"2023-12-07T20:52:59","slug":"1-mannschaft-mit-engagiertem-auftritt-beim-spitzenreiter","status":"publish","type":"post","link":"https:\/\/www.handballratingen.de\/wp\/?p=23547","title":{"rendered":"1. Mannschaft mit engagiertem Auftritt beim Spitzenreiter"},"content":{"rendered":"<div class=\"s2\" style=\"text-align: center;\"><em>Am vergangenen Sonntag stand f\u00fcr die 1. Mannschaft die Ausw\u00e4rtspartie beim aktuellen Tabellenprimus in Werden auf dem Programm. Nach den bescheidenen Auftritten in den letzten Wochen wollte die Mannschaft bei dieser schweren Aufgabe zeigen, dass es auch anders geht.<\/em><\/div>\n<div>&nbsp;<\/div>\n<div style=\"text-align: center;\"><strong>DJK Gr\u00fcn Wei\u00df Werden \u2013 TV Ratingen 31:24 (17:12)<\/strong><\/div>\n<p>\u201aGeht da raus und spielt einfachen Handball\u2018 \u2013 Mit dieser abgewandelten alten Fu\u00dfballer Weisheit schickte der Coach sein dezimiertes Aufgebot in die Partie gegen das aktuell st\u00e4rkste Team der Liga. Es ging darum Fehler zu vermeiden und mit Leidenschaft miteinander zu k\u00e4mpfen und den gro\u00dfen Favoriten so lange wie m\u00f6glich zu \u00e4rgern. Von der 1. Minute an merkte man der Truppe diesen Willen auch an und es entwickelte sich ein offener Schlagabtausch zwischen beiden Teams. Eine bewegliche und aggressive Deckung, gest\u00fctzt von einem sehr gut aufgelegtem Merlin Schwertner im Tor und gepaart mit einer geduldigen und effektiven Offensive erlaubte dem hohen Favoriten lediglich eine 11:9 F\u00fchrung nach 20 Minuten. Leider schlichen sich in den letzten Minuten vor der Pause einige kleine Fehler ein und der wurfgewaltige R\u00fcckraum der Werdener nutze dies zu einer 17:12 F\u00fchrung.<\/p>\n<p>Auch im zweiten Durchgang lie\u00df die erste Mannschaft k\u00e4mpferisch nicht nach und in der 45. Minute betrug der Abstand mit einem 23:20 wieder nur drei Tore. Leider machte sich jetzt der Kr\u00e4fteverschlei\u00df innerhalb des Teams ein wenig bemerkbar und Werden konnte sich wieder auf sechs Tore absetzen. Am Ende steht zwar eine 31:24-Niederlage, aber auch ein couragierter und sehr engagierter Auftritt der 1. Mannschaft.&nbsp;<\/p>\n<p>Es spielten: Otten, Schwertner &#8211; Remke (6). Rieger (6), Czernacki (5), Zirngiebel (3), Lassalle (3), Bertram (1), Steffen, von der Groeben, Schmidt und Gutsche<\/p>\n<p>(-mw)<\/p>\nngg_shortcode_0_placeholder\n","protected":false},"excerpt":{"rendered":"<p>Am vergangenen Sonntag stand f\u00fcr die 1. Mannschaft die Ausw\u00e4rtspartie beim aktuellen Tabellenprimus in Werden auf dem Programm. Nach den bescheidenen Auftritten in den letzten Wochen wollte die Mannschaft bei dieser schweren Aufgabe zeigen, dass es auch anders geht. &nbsp; DJK Gr\u00fcn Wei\u00df Werden \u2013 TV Ratingen 31:24 (17:12) \u201aGeht  [&#8230;]<\/p>\n","protected":false},"author":27,"featured_media":23548,"comment_status":"closed","ping_status":"open","sticky":false,"template":"","format":"standard","meta":{"ngg_post_thumbnail":0,"jetpack_post_was_ever_published":false,"_jetpack_newsletter_access":"","_jetpack_dont_email_post_to_subs":false,"_jetpack_newsletter_tier_id":0,"_jetpack_memberships_contains_paywalled_content":false,"_jetpack_memberships_contains_paid_content":false,"footnotes":"","jetpack_publicize_message":"","jetpack_publicize_feature_enabled":true,"jetpack_social_post_already_shared":true,"jetpack_social_options":{"image_generator_settings":{"template":"highway","default_image_id":0,"font":"","enabled":false},"version":2}},"categories":[9],"tags":[],"class_list":["post-23547","post","type-post","status-publish","format-standard","has-post-thumbnail","hentry","category-1-herren"],"jetpack_publicize_connections":[],"jetpack_featured_media_url":"https:\/\/www.handballratingen.de\/wp\/wp-content\/uploads\/2023\/12\/IMG_9009.jpeg","jetpack_sharing_enabled":true,"jetpack_shortlink":"https:\/\/wp.me\/p4Z74q-67N","_links":{"self":[{"href":"https:\/\/www.handballratingen.de\/wp\/index.php?rest_route=\/wp\/v2\/posts\/23547","targetHints":{"allow":["GET"]}}],"collection":[{"href":"https:\/\/www.handballratingen.de\/wp\/index.php?rest_route=\/wp\/v2\/posts"}],"about":[{"href":"https:\/\/www.handballratingen.de\/wp\/index.php?rest_route=\/wp\/v2\/types\/post"}],"author":[{"embeddable":true,"href":"https:\/\/www.handballratingen.de\/wp\/index.php?rest_route=\/wp\/v2\/users\/27"}],"replies":[{"embeddable":true,"href":"https:\/\/www.handballratingen.de\/wp\/index.php?rest_route=%2Fwp%2Fv2%2Fcomments&post=23547"}],"version-history":[{"count":1,"href":"https:\/\/www.handballratingen.de\/wp\/index.php?rest_route=\/wp\/v2\/posts\/23547\/revisions"}],"predecessor-version":[{"id":23549,"href":"https:\/\/www.handballratingen.de\/wp\/index.php?rest_route=\/wp\/v2\/posts\/23547\/revisions\/23549"}],"wp:featuredmedia":[{"embeddable":true,"href":"https:\/\/www.handballratingen.de\/wp\/index.php?rest_route=\/wp\/v2\/media\/23548"}],"wp:attachment":[{"href":"https:\/\/www.handballratingen.de\/wp\/index.php?rest_route=%2Fwp%2Fv2%2Fmedia&parent=23547"}],"wp:term":[{"taxonomy":"category","embeddable":true,"href":"https:\/\/www.handballratingen.de\/wp\/index.php?rest_route=%2Fwp%2Fv2%2Fcategories&post=23547"},{"taxonomy":"post_tag","embeddable":true,"href":"https:\/\/www.handballratingen.de\/wp\/index.php?rest_route=%2Fwp%2Fv2%2Ftags&post=23547"}],"curies":[{"name":"wp","href":"https:\/\/api.w.org\/{rel}","templated":true}]}}