{"id":23550,"date":"2023-12-07T22:00:58","date_gmt":"2023-12-07T21:00:58","guid":{"rendered":"https:\/\/www.handballratingen.de\/wp\/?p=23550"},"modified":"2023-12-07T22:00:58","modified_gmt":"2023-12-07T21:00:58","slug":"dritte-mit-kantersieg-gegen-wersten-ii","status":"publish","type":"post","link":"https:\/\/www.handballratingen.de\/wp\/?p=23550","title":{"rendered":"Dritte mit Kantersieg gegen Wersten II"},"content":{"rendered":"<div dir=\"auto\" style=\"text-align: center;\"><em>Nach dem Sieg der Zweiten Mannschaft, wollte auch die Dritte den 1. Advent erfolgreich beschlie\u00dfen. Zu Gast war der Tabellenvierte aus Wersten. Jedoch entsandten die G\u00e4ste nur einen kleinen Kader aus der Pantherh\u00f6hle und liefen lediglich mit sechs Feldspielern und einem Torwart auf.&nbsp;<\/em><\/div>\n<div dir=\"auto\">&nbsp;<\/div>\n<div dir=\"auto\" style=\"text-align: center;\"><strong>Tv Ratingen vs. Wersten 04 II &nbsp;44:21 (19:10)<\/strong><\/div>\n<div dir=\"auto\">&nbsp;<\/div>\n<div dir=\"auto\">Die G\u00e4ste aus der Landeshauptstadt sollten sich trotz des kleinen Kaders als z\u00e4her Widersacher entpuppen und boten den Ratingern anfangs ordentlich Paroli. In der Abwehr bekamen die Hausherren den R\u00fcckraum nicht in den Griff &nbsp;und vorne fehlte die n\u00f6tige Entschlossenheit beim Torabschluss. Eine Umstellung der Abwehrformation auf 5:1 brachte die Gr\u00fcn- Wei\u00dfen Jungs endlich in die richtige Spur. Einfache Ballgewinne wurden durch Tempogegenst\u00f6\u00dfe sofort in Tore umgem\u00fcnzt. So ging es mit einer <span dir=\"ltr\">19:10-<\/span>Pausenf\u00fchrung in die Kabine.&nbsp;<\/div>\n<div dir=\"auto\">\n<div>&nbsp;<\/div>\n<div>Nachdem Seitenwechsel war das Spiel schneller entschieden, als erwartet. In der 38. Minute konnte ein Spieler von Wersten nicht mehr weiterspielen und musste mit Verdacht auf Achillessehnenriss die Platte verlassen (Gute Besserung von der gesamten Mannschaft \u201eKotti\u201c) und komm bitte schnell wieder auf die Beine. Die sechs verbliebenen Werstener Panther k\u00e4mpften zwar aufopferungsvoll weiter, hatten aber in Unterzahl keine Chance mehr und so zogen die Gastgeber Tor um Tor davon. Am Ende gewinnt die Dritte deutlich mit 44:21, aber eine richtige Freude wollte aufgrund der Verletzung nicht aufkommen.&nbsp;<\/div>\n<\/div>\n<div dir=\"auto\">&nbsp;<\/div>\n<div dir=\"auto\">Es spielten:&nbsp;<\/div>\n<div dir=\"auto\">Alex Sch\u00e4ffkes &#8211; Jan Hinzer (2), Christoph H\u00f6fges (3), Dominik Fuck (4), Marc M\u00fchrmann, Dave Fischer (<span dir=\"ltr\">11\/2<\/span>), Jan Pl\u00fcckebaum (3), Patrick Schwenzer (5), Thibaut Nuding (2), Pascal Egert (7), Raphael R\u00f6ttges (4), Olaf Averdick, Daniel Bleich (3), Johannes Weinert<\/div>\n<div dir=\"auto\">&nbsp;<\/div>\n<div dir=\"auto\">(-cz)<\/div>\n","protected":false},"excerpt":{"rendered":"<p>Nach dem Sieg der Zweiten Mannschaft, wollte auch die Dritte den 1. Advent erfolgreich beschlie\u00dfen. Zu Gast war der Tabellenvierte aus Wersten. Jedoch entsandten die G\u00e4ste nur einen kleinen Kader aus der Pantherh\u00f6hle und liefen lediglich mit sechs Feldspielern und einem Torwart auf.&nbsp; &nbsp; Tv Ratingen vs. Wersten 04 II  [&#8230;]<\/p>\n","protected":false},"author":27,"featured_media":23551,"comment_status":"closed","ping_status":"open","sticky":false,"template":"","format":"standard","meta":{"ngg_post_thumbnail":0,"jetpack_post_was_ever_published":false,"_jetpack_newsletter_access":"","_jetpack_dont_email_post_to_subs":false,"_jetpack_newsletter_tier_id":0,"_jetpack_memberships_contains_paywalled_content":false,"_jetpack_memberships_contains_paid_content":false,"footnotes":"","jetpack_publicize_message":"","jetpack_publicize_feature_enabled":true,"jetpack_social_post_already_shared":true,"jetpack_social_options":{"image_generator_settings":{"template":"highway","default_image_id":0,"font":"","enabled":false},"version":2}},"categories":[13],"tags":[],"class_list":["post-23550","post","type-post","status-publish","format-standard","has-post-thumbnail","hentry","category-3-herren"],"jetpack_publicize_connections":[],"jetpack_featured_media_url":"https:\/\/www.handballratingen.de\/wp\/wp-content\/uploads\/2023\/12\/IMG_3129.jpeg","jetpack_sharing_enabled":true,"jetpack_shortlink":"https:\/\/wp.me\/p4Z74q-67Q","_links":{"self":[{"href":"https:\/\/www.handballratingen.de\/wp\/index.php?rest_route=\/wp\/v2\/posts\/23550","targetHints":{"allow":["GET"]}}],"collection":[{"href":"https:\/\/www.handballratingen.de\/wp\/index.php?rest_route=\/wp\/v2\/posts"}],"about":[{"href":"https:\/\/www.handballratingen.de\/wp\/index.php?rest_route=\/wp\/v2\/types\/post"}],"author":[{"embeddable":true,"href":"https:\/\/www.handballratingen.de\/wp\/index.php?rest_route=\/wp\/v2\/users\/27"}],"replies":[{"embeddable":true,"href":"https:\/\/www.handballratingen.de\/wp\/index.php?rest_route=%2Fwp%2Fv2%2Fcomments&post=23550"}],"version-history":[{"count":1,"href":"https:\/\/www.handballratingen.de\/wp\/index.php?rest_route=\/wp\/v2\/posts\/23550\/revisions"}],"predecessor-version":[{"id":23552,"href":"https:\/\/www.handballratingen.de\/wp\/index.php?rest_route=\/wp\/v2\/posts\/23550\/revisions\/23552"}],"wp:featuredmedia":[{"embeddable":true,"href":"https:\/\/www.handballratingen.de\/wp\/index.php?rest_route=\/wp\/v2\/media\/23551"}],"wp:attachment":[{"href":"https:\/\/www.handballratingen.de\/wp\/index.php?rest_route=%2Fwp%2Fv2%2Fmedia&parent=23550"}],"wp:term":[{"taxonomy":"category","embeddable":true,"href":"https:\/\/www.handballratingen.de\/wp\/index.php?rest_route=%2Fwp%2Fv2%2Fcategories&post=23550"},{"taxonomy":"post_tag","embeddable":true,"href":"https:\/\/www.handballratingen.de\/wp\/index.php?rest_route=%2Fwp%2Fv2%2Ftags&post=23550"}],"curies":[{"name":"wp","href":"https:\/\/api.w.org\/{rel}","templated":true}]}}