{"id":23603,"date":"2023-12-15T21:20:21","date_gmt":"2023-12-15T20:20:21","guid":{"rendered":"https:\/\/www.handballratingen.de\/wp\/?p=23603"},"modified":"2024-01-10T15:28:08","modified_gmt":"2024-01-10T14:28:08","slug":"1-mannschaft-siegt-gegen-den-sv-wersten","status":"publish","type":"post","link":"https:\/\/www.handballratingen.de\/wp\/?p=23603","title":{"rendered":"1. Mannschaft siegt gegen den SV Wersten"},"content":{"rendered":"<div class=\"s2\" style=\"text-align: center;\"><em>Es geht doch!! Als gegen 19.00 Uhr die Schlusssirene in der Halle Goethaerstra\u00dfe ert\u00f6nte, kannte der Jubel im Gr\u00fcn Wei\u00dfen Lager keine Grenzen. Nach einem intensiven Spiel belohnte sich die 1. Mannschaft f\u00fcr einen couragierten Auftritt mit dem dritten Heimsieg in dieser Saison.<\/em><\/div>\n<div>&nbsp;<\/div>\n<div style=\"text-align: center;\"><strong>TV Ratingen \u2013 SV Wersten 19:17 (9:9)<\/strong><\/div>\n<p>Vor dem Spiel waren die Voraussetzungen alles andere als g\u00fcnstig, da die Krankheitswelle und die Verletztenmisere die Mannschaft weiterhin stark im Griff hatten. Allerdings war deutlich der gestiegene Glaube an die eigenen F\u00e4higkeiten zu sp\u00fcren und auch die gestiegene Moral und Stimmung der letzten Woche aus dem \u201cWerdenspiel\u201c war greifbar.&nbsp;<\/p>\n<p>Von der 1. Minute an entwickelte sich ein z\u00e4hes Ringen um jeden Meter Hallenboden und beide Mannschaften mussten sich schwer m\u00fchen, zu z\u00e4hlbaren Erfolgen zu kommen. Dies lag zum einen an zwei gut aufgelegten Torh\u00fctern, aber auch an zwei kompakten Deckungsreihen. Folgerichtig wurden beim Stand von 9:9 die Seiten gewechselt.<\/p>\n<p>Im zweiten Durchgang erwischten die G\u00e4ste aus Wersten den besseren Start und konnten sich auf 10:12 absetzen. Jetzt zeigte sich das gestiegene Selbstbewusstsein der Mannschaft und mit einem 4:0-Lauf konnte man die Partie drehen und selbst in F\u00fchrung gehen. Gest\u00fctzt auf eine jetzt aufopfernd k\u00e4mpfende Deckung mit einem starken Christian Otten im R\u00fccken hielt man die F\u00fchrung und als Bela Steffen 20 Sekunden vor Schluss das 19:16 erzielte war der Deckel endg\u00fcltig drauf. Das letzte Tor zum 19:17 Endstand mit der Schlusssirene spielte dabei keine Rolle mehr.<\/p>\n<p>Dadurch, dass die Mannschaft nochmal die gute Leistung aus Werden auf die Platte bringen konnte und nie aufgegeben hat, durfte der Sieg mit Stolz und Erleichterung geb\u00fchrend gefeiert werden. Das Ergebnis hebt kurz vor der Weihnachtspause die Stimmung und jetzt schaut das Team, ob es nicht auch den Tabellenzweiten vom ETB ein wenig \u00e4rgern kann.<\/p>\n<p>Es spielten: Otten, Schwertner &#8211; Czarnecki (7),Rieger (4), Steffen (3), Riebe (2), Lassalle (1), Dumeier (1), Zirngibl (1), Remke, Bertram, Lorenz und Schmidt<\/p>\n<p>(-mw)<\/p>\nngg_shortcode_0_placeholder\n","protected":false},"excerpt":{"rendered":"<p>Es geht doch!! Als gegen 19.00 Uhr die Schlusssirene in der Halle Goethaerstra\u00dfe ert\u00f6nte, kannte der Jubel im Gr\u00fcn Wei\u00dfen Lager keine Grenzen. Nach einem intensiven Spiel belohnte sich die 1. Mannschaft f\u00fcr einen couragierten Auftritt mit dem dritten Heimsieg in dieser Saison. &nbsp; TV Ratingen \u2013 SV Wersten 19:17  [&#8230;]<\/p>\n","protected":false},"author":27,"featured_media":23604,"comment_status":"closed","ping_status":"open","sticky":false,"template":"","format":"standard","meta":{"ngg_post_thumbnail":0,"jetpack_post_was_ever_published":false,"_jetpack_newsletter_access":"","_jetpack_dont_email_post_to_subs":false,"_jetpack_newsletter_tier_id":0,"_jetpack_memberships_contains_paywalled_content":false,"_jetpack_memberships_contains_paid_content":false,"footnotes":"","jetpack_publicize_message":"","jetpack_publicize_feature_enabled":true,"jetpack_social_post_already_shared":true,"jetpack_social_options":{"image_generator_settings":{"template":"highway","default_image_id":0,"font":"","enabled":false},"version":2}},"categories":[9],"tags":[],"class_list":["post-23603","post","type-post","status-publish","format-standard","has-post-thumbnail","hentry","category-1-herren"],"jetpack_publicize_connections":[],"jetpack_featured_media_url":"https:\/\/www.handballratingen.de\/wp\/wp-content\/uploads\/2023\/12\/IMG_9184.jpeg","jetpack_sharing_enabled":true,"jetpack_shortlink":"https:\/\/wp.me\/p4Z74q-68H","_links":{"self":[{"href":"https:\/\/www.handballratingen.de\/wp\/index.php?rest_route=\/wp\/v2\/posts\/23603","targetHints":{"allow":["GET"]}}],"collection":[{"href":"https:\/\/www.handballratingen.de\/wp\/index.php?rest_route=\/wp\/v2\/posts"}],"about":[{"href":"https:\/\/www.handballratingen.de\/wp\/index.php?rest_route=\/wp\/v2\/types\/post"}],"author":[{"embeddable":true,"href":"https:\/\/www.handballratingen.de\/wp\/index.php?rest_route=\/wp\/v2\/users\/27"}],"replies":[{"embeddable":true,"href":"https:\/\/www.handballratingen.de\/wp\/index.php?rest_route=%2Fwp%2Fv2%2Fcomments&post=23603"}],"version-history":[{"count":3,"href":"https:\/\/www.handballratingen.de\/wp\/index.php?rest_route=\/wp\/v2\/posts\/23603\/revisions"}],"predecessor-version":[{"id":23663,"href":"https:\/\/www.handballratingen.de\/wp\/index.php?rest_route=\/wp\/v2\/posts\/23603\/revisions\/23663"}],"wp:featuredmedia":[{"embeddable":true,"href":"https:\/\/www.handballratingen.de\/wp\/index.php?rest_route=\/wp\/v2\/media\/23604"}],"wp:attachment":[{"href":"https:\/\/www.handballratingen.de\/wp\/index.php?rest_route=%2Fwp%2Fv2%2Fmedia&parent=23603"}],"wp:term":[{"taxonomy":"category","embeddable":true,"href":"https:\/\/www.handballratingen.de\/wp\/index.php?rest_route=%2Fwp%2Fv2%2Fcategories&post=23603"},{"taxonomy":"post_tag","embeddable":true,"href":"https:\/\/www.handballratingen.de\/wp\/index.php?rest_route=%2Fwp%2Fv2%2Ftags&post=23603"}],"curies":[{"name":"wp","href":"https:\/\/api.w.org\/{rel}","templated":true}]}}