{"id":2685,"date":"2014-06-02T10:15:05","date_gmt":"2014-06-02T08:15:05","guid":{"rendered":"http:\/\/handballratingen.de\/wp\/?p=2685"},"modified":"2019-02-21T13:47:13","modified_gmt":"2019-02-21T12:47:13","slug":"trainer-ron-andrae-loest-seinen-vertrag-auf","status":"publish","type":"post","link":"https:\/\/www.handballratingen.de\/wp\/?p=2685","title":{"rendered":"Trainer Ron Andrae l\u00f6st seinen Vertrag auf."},"content":{"rendered":"<div class=\"fusion-fullwidth fullwidth-box fusion-builder-row-1 hundred-percent-fullwidth non-hundred-percent-height-scrolling\" style=\"--awb-border-radius-top-left:0px;--awb-border-radius-top-right:0px;--awb-border-radius-bottom-right:0px;--awb-border-radius-bottom-left:0px;--awb-overflow:visible;--awb-flex-wrap:wrap;\" ><div class=\"fusion-builder-row fusion-row\"><div class=\"fusion-layout-column fusion_builder_column fusion-builder-column-0 fusion_builder_column_1_1 1_1 fusion-one-full fusion-column-first fusion-column-last fusion-column-no-min-height\" style=\"--awb-bg-size:cover;--awb-margin-bottom:0px;\"><div class=\"fusion-column-wrapper fusion-flex-column-wrapper-legacy\"><div id=\"attachment_2686\" style=\"width: 310px\" class=\"wp-caption alignleft\"><a href=\"http:\/\/handballratingen.de\/wp\/wp-content\/uploads\/2014\/06\/k-TVR-47-von-98.jpg\"><img decoding=\"async\" aria-describedby=\"caption-attachment-2686\" class=\"wp-image-2686 size-medium\" src=\"http:\/\/handballratingen.de\/wp\/wp-content\/uploads\/2014\/06\/k-TVR-47-von-98-300x199.jpg\" alt=\"k-TVR (47 von 98)\" width=\"300\" height=\"199\" srcset=\"https:\/\/www.handballratingen.de\/wp\/wp-content\/uploads\/2014\/06\/k-TVR-47-von-98-300x199.jpg 300w, https:\/\/www.handballratingen.de\/wp\/wp-content\/uploads\/2014\/06\/k-TVR-47-von-98.jpg 900w\" sizes=\"(max-width: 300px) 100vw, 300px\" \/><\/a><p id=\"caption-attachment-2686\" class=\"wp-caption-text\">Trainer Ron Andrae beendet seine T\u00e4tigkeit beim TVR<\/p><\/div>\n<p><strong>Der Trainer der 1. Herrenmannschaft des TV Ratingen-Handball, l\u00f6st seinen Vertrag als \u00dcbungsleiter zum Ende des Monats Juni auf.<\/strong><\/p>\n<p style=\"text-align: justify;\">Nach nunmehr 3 Jahre als \u00dcbungsleiter der\u00a0 Handballabteilung,\u00a0 verl\u00e4sst Ron Andrae aus beruflichen Gr\u00fcnden den TV Ratingen. Andrae \u00a0rettete die erste Mannschaft erfolgreich zwei Mal vor dem Verbandsliga-Abstieg und f\u00fchrte die zweite Mannschaft in die Landesliga. In der Saison 2013\/14 schaffte es Andrae, die Herren der ersten Mannschaft nach einer starken R\u00fcckrunde auf dem gesicherten 10. Tabellenplatz der Verbandsliga zu f\u00fchren. Der in Krefeld wohnende Trainer hat sich beruflich ver\u00e4ndert und schafft es nach eigener Aussage nicht mehr, die intensive Zeit f\u00fcr seine Trainert\u00e4tigkeit zu finden.<\/p>\n<p style=\"text-align: center;\"><em>\u201e Wir gehen im besten Einvernehmen auseinander \u201e, gibt der sportliche Koordinator Erdinc \u00d6zcan-Schulz an und f\u00fcgt hinzu, \u201e wir werden nun nach einem geeigneten Trainer suchen. Es wird nicht der erstbeste Kandidat werden, sondern ein Trainer, der in das Format der Mannschaft passt\u201c.<\/em><\/p>\n<p style=\"text-align: justify;\">Die Verantwortlichen des TV Ratingen danken dem scheidenden Trainer Ron Andrae f\u00fcr seine erbrachten Leistungen in der zur\u00fcck liegenden Zeit und w\u00fcnschen ihm alles Gute.<\/p>\n<div class=\"fusion-clearfix\"><\/div><\/div><\/div><\/div><\/div>\n","protected":false},"excerpt":{"rendered":"","protected":false},"author":1,"featured_media":0,"comment_status":"closed","ping_status":"open","sticky":false,"template":"","format":"standard","meta":{"ngg_post_thumbnail":0,"jetpack_post_was_ever_published":false,"_jetpack_newsletter_access":"","_jetpack_dont_email_post_to_subs":false,"_jetpack_newsletter_tier_id":0,"_jetpack_memberships_contains_paywalled_content":false,"_jetpack_memberships_contains_paid_content":false,"footnotes":"","jetpack_publicize_message":"","jetpack_publicize_feature_enabled":true,"jetpack_social_post_already_shared":false,"jetpack_social_options":{"image_generator_settings":{"template":"highway","default_image_id":0,"font":"","enabled":false},"version":2}},"categories":[9,1],"tags":[],"class_list":["post-2685","post","type-post","status-publish","format-standard","hentry","category-1-herren","category-allgemein"],"jetpack_publicize_connections":[],"jetpack_featured_media_url":"","jetpack_sharing_enabled":true,"jetpack_shortlink":"https:\/\/wp.me\/p4Z74q-Hj","_links":{"self":[{"href":"https:\/\/www.handballratingen.de\/wp\/index.php?rest_route=\/wp\/v2\/posts\/2685","targetHints":{"allow":["GET"]}}],"collection":[{"href":"https:\/\/www.handballratingen.de\/wp\/index.php?rest_route=\/wp\/v2\/posts"}],"about":[{"href":"https:\/\/www.handballratingen.de\/wp\/index.php?rest_route=\/wp\/v2\/types\/post"}],"author":[{"embeddable":true,"href":"https:\/\/www.handballratingen.de\/wp\/index.php?rest_route=\/wp\/v2\/users\/1"}],"replies":[{"embeddable":true,"href":"https:\/\/www.handballratingen.de\/wp\/index.php?rest_route=%2Fwp%2Fv2%2Fcomments&post=2685"}],"version-history":[{"count":4,"href":"https:\/\/www.handballratingen.de\/wp\/index.php?rest_route=\/wp\/v2\/posts\/2685\/revisions"}],"predecessor-version":[{"id":14123,"href":"https:\/\/www.handballratingen.de\/wp\/index.php?rest_route=\/wp\/v2\/posts\/2685\/revisions\/14123"}],"wp:attachment":[{"href":"https:\/\/www.handballratingen.de\/wp\/index.php?rest_route=%2Fwp%2Fv2%2Fmedia&parent=2685"}],"wp:term":[{"taxonomy":"category","embeddable":true,"href":"https:\/\/www.handballratingen.de\/wp\/index.php?rest_route=%2Fwp%2Fv2%2Fcategories&post=2685"},{"taxonomy":"post_tag","embeddable":true,"href":"https:\/\/www.handballratingen.de\/wp\/index.php?rest_route=%2Fwp%2Fv2%2Ftags&post=2685"}],"curies":[{"name":"wp","href":"https:\/\/api.w.org\/{rel}","templated":true}]}}