{"id":32395,"date":"2026-01-25T12:30:35","date_gmt":"2026-01-25T11:30:35","guid":{"rendered":"https:\/\/www.handballratingen.de\/wp\/?p=32395"},"modified":"2026-01-25T12:30:35","modified_gmt":"2026-01-25T11:30:35","slug":"neues-handballcamp-in-den-osterferien","status":"publish","type":"post","link":"https:\/\/www.handballratingen.de\/wp\/?p=32395","title":{"rendered":"Neues Handballcamp in den Osterferien"},"content":{"rendered":"<p>Wir veranstalten ein Handballcamp mit dem \u201eHUMMEL Handballcamp&#8220;<\/p>\n<p>Wir &nbsp;bieten ein spannendes Handballcamp (ohne \u00dcbernachtung) f\u00fcr die Jahrg\u00e4nge 2012\u2013 2020 an. Nutzt die Ferien, um gemeinsam mit Freunden euer handballerisches K\u00f6nnen zu verbessern!&nbsp;<\/p>\n<p>Leistungen:<\/p>\n<ul>\n<li>Betreuung von 6-14-j\u00e4hrigen Kindern und Jugendlichen<\/li>\n<li>4 Tage Betreuung von 09:45 \u2013 15:30 Uhr<\/li>\n<li>Trainingsbeginn: 10 Uhr<\/li>\n<li>Handballspezifische Ausbildung durch qualifizierte Trainer*innen<\/li>\n<li>2 x 2 Stunden Training pro Tag<\/li>\n<li>Training in alters- und leistungsgerechten Gruppen<\/li>\n<li>Trainingsgetr\u00e4nke (Wasser \u2013 still &amp; medium)<\/li>\n<li>Hochwertiges HUMMEL Camp-Shirt<\/li>\n<\/ul>\n<p>Seid dabei und erlebt ein unvergessliches Handballcamp! \ud83c\udfc6<\/p>\n<p>\ud83d\udcc5 Datum: 07.04. \u2013 10.04.2026<\/p>\n<p>&nbsp;\ud83d\udccd Ort: Sporthalle Wiesenstr. Ratingen<\/p>\n<p>Meldet euch jetzt an und sichert euch euren Platz! \ud83d\udcdd<\/p>\n<p>Weitere Informationen und Anmeldung unter <a href=\"https:\/\/handball-camp.com\/handball-vereinscamps-tagescamps\/ratingen\/\">Ratingen &#8211; HUMMEL Handballcamps 2026<\/a><\/p>\n<p>Wir freuen uns auf euch!<\/p>\n","protected":false},"excerpt":{"rendered":"<p>Wir veranstalten ein Handballcamp mit dem \u201eHUMMEL Handballcamp&#8220; Wir &nbsp;bieten ein spannendes Handballcamp (ohne \u00dcbernachtung) f\u00fcr die Jahrg\u00e4nge 2012\u2013 2020 an. Nutzt die Ferien, um gemeinsam mit Freunden euer handballerisches K\u00f6nnen zu verbessern!&nbsp; Leistungen: Betreuung von 6-14-j\u00e4hrigen Kindern und Jugendlichen 4 Tage Betreuung von 09:45 \u2013 15:30 Uhr Trainingsbeginn: 10  [&#8230;]<\/p>\n","protected":false},"author":29,"featured_media":32541,"comment_status":"closed","ping_status":"open","sticky":false,"template":"","format":"standard","meta":{"ngg_post_thumbnail":0,"jetpack_post_was_ever_published":false,"_jetpack_newsletter_access":"","_jetpack_dont_email_post_to_subs":false,"_jetpack_newsletter_tier_id":0,"_jetpack_memberships_contains_paywalled_content":false,"_jetpack_memberships_contains_paid_content":false,"footnotes":"","jetpack_publicize_message":"","jetpack_publicize_feature_enabled":true,"jetpack_social_post_already_shared":true,"jetpack_social_options":{"image_generator_settings":{"template":"highway","default_image_id":0,"font":"","enabled":false},"version":2}},"categories":[1],"tags":[],"class_list":["post-32395","post","type-post","status-publish","format-standard","has-post-thumbnail","hentry","category-allgemein"],"jetpack_publicize_connections":[],"jetpack_featured_media_url":"https:\/\/www.handballratingen.de\/wp\/wp-content\/uploads\/2026\/01\/Plakat-Ratingen-pdf.jpg","jetpack_sharing_enabled":true,"jetpack_shortlink":"https:\/\/wp.me\/p4Z74q-8qv","_links":{"self":[{"href":"https:\/\/www.handballratingen.de\/wp\/index.php?rest_route=\/wp\/v2\/posts\/32395","targetHints":{"allow":["GET"]}}],"collection":[{"href":"https:\/\/www.handballratingen.de\/wp\/index.php?rest_route=\/wp\/v2\/posts"}],"about":[{"href":"https:\/\/www.handballratingen.de\/wp\/index.php?rest_route=\/wp\/v2\/types\/post"}],"author":[{"embeddable":true,"href":"https:\/\/www.handballratingen.de\/wp\/index.php?rest_route=\/wp\/v2\/users\/29"}],"replies":[{"embeddable":true,"href":"https:\/\/www.handballratingen.de\/wp\/index.php?rest_route=%2Fwp%2Fv2%2Fcomments&post=32395"}],"version-history":[{"count":1,"href":"https:\/\/www.handballratingen.de\/wp\/index.php?rest_route=\/wp\/v2\/posts\/32395\/revisions"}],"predecessor-version":[{"id":32542,"href":"https:\/\/www.handballratingen.de\/wp\/index.php?rest_route=\/wp\/v2\/posts\/32395\/revisions\/32542"}],"wp:featuredmedia":[{"embeddable":true,"href":"https:\/\/www.handballratingen.de\/wp\/index.php?rest_route=\/wp\/v2\/media\/32541"}],"wp:attachment":[{"href":"https:\/\/www.handballratingen.de\/wp\/index.php?rest_route=%2Fwp%2Fv2%2Fmedia&parent=32395"}],"wp:term":[{"taxonomy":"category","embeddable":true,"href":"https:\/\/www.handballratingen.de\/wp\/index.php?rest_route=%2Fwp%2Fv2%2Fcategories&post=32395"},{"taxonomy":"post_tag","embeddable":true,"href":"https:\/\/www.handballratingen.de\/wp\/index.php?rest_route=%2Fwp%2Fv2%2Ftags&post=32395"}],"curies":[{"name":"wp","href":"https:\/\/api.w.org\/{rel}","templated":true}]}}