{"id":3942,"date":"2014-12-17T20:38:03","date_gmt":"2014-12-17T19:38:03","guid":{"rendered":"http:\/\/handballratingen.de\/wp\/?p=3942"},"modified":"2019-02-21T13:47:01","modified_gmt":"2019-02-21T12:47:01","slug":"die-handballer-stellen-ersten-weichen-fuer-die-saison-20152016","status":"publish","type":"post","link":"https:\/\/www.handballratingen.de\/wp\/?p=3942","title":{"rendered":"Die Handballer stellen ersten Weichen f\u00fcr die Saison 2015\/2016"},"content":{"rendered":"<p><img decoding=\"async\" class=\"alignleft wp-image-2293 size-medium\" src=\"http:\/\/handballratingen.de\/wp\/wp-content\/uploads\/2014\/02\/Header_neu4-300x143.png\" alt=\"Header_neu4\" width=\"300\" height=\"143\" srcset=\"https:\/\/www.handballratingen.de\/wp\/wp-content\/uploads\/2014\/02\/Header_neu4-300x143.png 300w, https:\/\/www.handballratingen.de\/wp\/wp-content\/uploads\/2014\/02\/Header_neu4.png 858w\" sizes=\"(max-width: 300px) 100vw, 300px\" \/>Sportlich l\u00e4uft es f\u00fcr die erste Herrenmannschaft aktuell ganz ausgezeichnet. In der seit Jahren besten Saison steht das Team nach neun von insgesamt 24 Begegnungen aktuell auf dem dritten Tabellenplatz der Handball-Verbandsliga, lediglich zwei Z\u00e4hler vom Platz an der Sonne entfernt.<\/p>\n<p>Um auch in der n\u00e4chsten Spielzeit \u00e4hnlich erfolgreich agieren zu k\u00f6nnen, blickt der Planungsstab bereits jetzt \u00fcber die laufende Saison hinaus in die nahe Zukunft. Im Rahmen einer Mannschaftssitzung mit der ersten Herrenmannschaft am vergangenen Dienstag haben der Abteilungsleiter der Handballabteilung, Thomas Oberwinster zusammen mit der Vorsitzenden des TV Ratingen, Silvia Glander und der Gesch\u00e4ftsf\u00fchrerin Marion Wei\u00dfhoff-G\u00fcnther erste Pl\u00e4ne f\u00fcr die Spielzeit 2015\/2016 mit der Mannschaft besprochen. Wichtigstes Ergebnis dieser Besprechung ist die Zusage des Hauptvereins, sein finanzielles Engagement f\u00fcr die Handballer auch in der n\u00e4chsten Spielzeit aufrecht zu erhalten und so Handballsport auf Verbandsliganiveau beim TV Ratingen zu erm\u00f6glichen. Somit besteht bereits jetzt eine gewisse Planungssicherheit f\u00fcr den Kader der Saison 2015\/2016. (-mo)<\/p>\n","protected":false},"excerpt":{"rendered":"<p>Sportlich l\u00e4uft es f\u00fcr die erste Herrenmannschaft aktuell ganz ausgezeichnet. In der seit Jahren besten Saison steht das Team nach neun von insgesamt 24 Begegnungen aktuell auf dem dritten Tabellenplatz der Handball-Verbandsliga, lediglich zwei Z\u00e4hler vom Platz an der Sonne entfernt. Um auch in der n\u00e4chsten Spielzeit \u00e4hnlich erfolgreich agieren  [&#8230;]<\/p>\n","protected":false},"author":24,"featured_media":0,"comment_status":"closed","ping_status":"open","sticky":false,"template":"","format":"standard","meta":{"ngg_post_thumbnail":0,"jetpack_post_was_ever_published":false,"_jetpack_newsletter_access":"","_jetpack_dont_email_post_to_subs":false,"_jetpack_newsletter_tier_id":0,"_jetpack_memberships_contains_paywalled_content":false,"_jetpack_memberships_contains_paid_content":false,"footnotes":"","jetpack_publicize_message":"","jetpack_publicize_feature_enabled":true,"jetpack_social_post_already_shared":true,"jetpack_social_options":{"image_generator_settings":{"template":"highway","default_image_id":0,"font":"","enabled":false},"version":2}},"categories":[1],"tags":[],"class_list":["post-3942","post","type-post","status-publish","format-standard","hentry","category-allgemein"],"jetpack_publicize_connections":[],"jetpack_featured_media_url":"","jetpack_sharing_enabled":true,"jetpack_shortlink":"https:\/\/wp.me\/p4Z74q-11A","_links":{"self":[{"href":"https:\/\/www.handballratingen.de\/wp\/index.php?rest_route=\/wp\/v2\/posts\/3942","targetHints":{"allow":["GET"]}}],"collection":[{"href":"https:\/\/www.handballratingen.de\/wp\/index.php?rest_route=\/wp\/v2\/posts"}],"about":[{"href":"https:\/\/www.handballratingen.de\/wp\/index.php?rest_route=\/wp\/v2\/types\/post"}],"author":[{"embeddable":true,"href":"https:\/\/www.handballratingen.de\/wp\/index.php?rest_route=\/wp\/v2\/users\/24"}],"replies":[{"embeddable":true,"href":"https:\/\/www.handballratingen.de\/wp\/index.php?rest_route=%2Fwp%2Fv2%2Fcomments&post=3942"}],"version-history":[{"count":1,"href":"https:\/\/www.handballratingen.de\/wp\/index.php?rest_route=\/wp\/v2\/posts\/3942\/revisions"}],"predecessor-version":[{"id":3943,"href":"https:\/\/www.handballratingen.de\/wp\/index.php?rest_route=\/wp\/v2\/posts\/3942\/revisions\/3943"}],"wp:attachment":[{"href":"https:\/\/www.handballratingen.de\/wp\/index.php?rest_route=%2Fwp%2Fv2%2Fmedia&parent=3942"}],"wp:term":[{"taxonomy":"category","embeddable":true,"href":"https:\/\/www.handballratingen.de\/wp\/index.php?rest_route=%2Fwp%2Fv2%2Fcategories&post=3942"},{"taxonomy":"post_tag","embeddable":true,"href":"https:\/\/www.handballratingen.de\/wp\/index.php?rest_route=%2Fwp%2Fv2%2Ftags&post=3942"}],"curies":[{"name":"wp","href":"https:\/\/api.w.org\/{rel}","templated":true}]}}