{"id":4046,"date":"2015-01-07T20:17:11","date_gmt":"2015-01-07T19:17:11","guid":{"rendered":"http:\/\/handballratingen.de\/wp\/?p=4046"},"modified":"2019-02-21T13:47:01","modified_gmt":"2019-02-21T12:47:01","slug":"gegen-wersten-will-die-zweite-mannschaft-zurueck-in-die-erfolgsspur","status":"publish","type":"post","link":"https:\/\/www.handballratingen.de\/wp\/?p=4046","title":{"rendered":"Gegen Wersten will die zweite Mannschaft zur\u00fcck in die Erfolgsspur"},"content":{"rendered":"<p><a href=\"http:\/\/handballratingen.de\/wp\/wp-content\/uploads\/2015\/01\/20150107_tvr2_wersten.jpg\"><img decoding=\"async\" class=\"alignleft wp-image-4047 size-medium\" src=\"http:\/\/handballratingen.de\/wp\/wp-content\/uploads\/2015\/01\/20150107_tvr2_wersten-300x147.jpg\" alt=\"20150107_tvr2_wersten\" width=\"300\" height=\"147\" srcset=\"https:\/\/www.handballratingen.de\/wp\/wp-content\/uploads\/2015\/01\/20150107_tvr2_wersten-300x147.jpg 300w, https:\/\/www.handballratingen.de\/wp\/wp-content\/uploads\/2015\/01\/20150107_tvr2_wersten-1024x502.jpg 1024w, https:\/\/www.handballratingen.de\/wp\/wp-content\/uploads\/2015\/01\/20150107_tvr2_wersten.jpg 1091w\" sizes=\"(max-width: 300px) 100vw, 300px\" \/><\/a>Am Samstag startet die \u201eZweite\u201c in das TV-Jubil\u00e4umsjahr 2015. Um 18:30 Uhr spielt sie zuhause gegen SV Wersten 04\u00a0 und m\u00f6chte nat\u00fcrlich die Punkte am Europaring behalten. Die Schmach der 22:25-Niederlage aus dem letzten Spiel des Jahres gegen den Tabellenletzten SFD 75 D\u00fcsseldorf ist noch immer in den K\u00f6pfen der Spieler, jedoch schaut man positiv nach vorn.<\/p>\n<p>Der kommende Gegner SV Wersten startete sehr schwach in die Saison, da die Torh\u00fcter nicht zur Verf\u00fcgung standen. Nunmehr hat sich dieses Manko gelegt und Wersten kommt so langsam in Fahrt und hat sich auf den 5. Platz vorgearbeitet. F\u00fcr die \u201eZweite\u201c gilt es, wieder in die Spur zu kommen und nicht zu verkrampfen. Die Weihnachtszeit und der Jahreswechsel konnten ein wenig zur Regeneration genutzt werden. Die Spieler sind mit Eifer wieder im Trainingsmodus.<\/p>\n<p>\u201eIch erwarte keine Reaktion auf unser letztes Spiel, das ist schon zu lange her. Auch wenn es noch bei einigen Spielern in den K\u00f6pfen herumschwirrt, m\u00fcssen wir dies ad acta legen und uns auf das Spiel gegen Wersten konzentrieren. Dies wird nicht gerade ein Selbstl\u00e4ufer. Wir k\u00f6nnen auf einen kompletten Kader zur\u00fcckgreifen, und es liegt nun auch endlich die Spielberechtigung f\u00fcr unseren Neuzugang, Alex Schmitz, vor&#8220;, so Trainer Tom Strack.<\/p>\n<p>Die \u201eZweite\u201c freut sich auf Unterst\u00fctzung und will, gerade vor eigenem Publikum, die Punkte holen. (-ts)<\/p>\n","protected":false},"excerpt":{"rendered":"<p>Am Samstag startet die \u201eZweite\u201c in das TV-Jubil\u00e4umsjahr 2015. Um 18:30 Uhr spielt sie zuhause gegen SV Wersten 04\u00a0 und m\u00f6chte nat\u00fcrlich die Punkte am Europaring behalten. Die Schmach der 22:25-Niederlage aus dem letzten Spiel des Jahres gegen den Tabellenletzten SFD 75 D\u00fcsseldorf ist noch immer in den K\u00f6pfen der  [&#8230;]<\/p>\n","protected":false},"author":24,"featured_media":0,"comment_status":"closed","ping_status":"open","sticky":false,"template":"","format":"standard","meta":{"ngg_post_thumbnail":0,"jetpack_post_was_ever_published":false,"_jetpack_newsletter_access":"","_jetpack_dont_email_post_to_subs":false,"_jetpack_newsletter_tier_id":0,"_jetpack_memberships_contains_paywalled_content":false,"_jetpack_memberships_contains_paid_content":false,"footnotes":"","jetpack_publicize_message":"","jetpack_publicize_feature_enabled":true,"jetpack_social_post_already_shared":true,"jetpack_social_options":{"image_generator_settings":{"template":"highway","default_image_id":0,"font":"","enabled":false},"version":2}},"categories":[11,1],"tags":[],"class_list":["post-4046","post","type-post","status-publish","format-standard","hentry","category-2-herren","category-allgemein"],"jetpack_publicize_connections":[],"jetpack_featured_media_url":"","jetpack_sharing_enabled":true,"jetpack_shortlink":"https:\/\/wp.me\/p4Z74q-13g","_links":{"self":[{"href":"https:\/\/www.handballratingen.de\/wp\/index.php?rest_route=\/wp\/v2\/posts\/4046","targetHints":{"allow":["GET"]}}],"collection":[{"href":"https:\/\/www.handballratingen.de\/wp\/index.php?rest_route=\/wp\/v2\/posts"}],"about":[{"href":"https:\/\/www.handballratingen.de\/wp\/index.php?rest_route=\/wp\/v2\/types\/post"}],"author":[{"embeddable":true,"href":"https:\/\/www.handballratingen.de\/wp\/index.php?rest_route=\/wp\/v2\/users\/24"}],"replies":[{"embeddable":true,"href":"https:\/\/www.handballratingen.de\/wp\/index.php?rest_route=%2Fwp%2Fv2%2Fcomments&post=4046"}],"version-history":[{"count":4,"href":"https:\/\/www.handballratingen.de\/wp\/index.php?rest_route=\/wp\/v2\/posts\/4046\/revisions"}],"predecessor-version":[{"id":4051,"href":"https:\/\/www.handballratingen.de\/wp\/index.php?rest_route=\/wp\/v2\/posts\/4046\/revisions\/4051"}],"wp:attachment":[{"href":"https:\/\/www.handballratingen.de\/wp\/index.php?rest_route=%2Fwp%2Fv2%2Fmedia&parent=4046"}],"wp:term":[{"taxonomy":"category","embeddable":true,"href":"https:\/\/www.handballratingen.de\/wp\/index.php?rest_route=%2Fwp%2Fv2%2Fcategories&post=4046"},{"taxonomy":"post_tag","embeddable":true,"href":"https:\/\/www.handballratingen.de\/wp\/index.php?rest_route=%2Fwp%2Fv2%2Ftags&post=4046"}],"curies":[{"name":"wp","href":"https:\/\/api.w.org\/{rel}","templated":true}]}}