{"id":4069,"date":"2015-01-11T15:29:12","date_gmt":"2015-01-11T14:29:12","guid":{"rendered":"http:\/\/handballratingen.de\/wp\/?p=4069"},"modified":"2019-02-21T13:47:00","modified_gmt":"2019-02-21T12:47:00","slug":"nach-5-tore-vorsprung-die-zweite-verliert-in-der-schlussminute-gegen-wersten","status":"publish","type":"post","link":"https:\/\/www.handballratingen.de\/wp\/?p=4069","title":{"rendered":"Nach 5-Tore-Vorsprung: Die Zweite verliert in der Schlussminute gegen Wersten"},"content":{"rendered":"<div class=\"fusion-fullwidth fullwidth-box fusion-builder-row-1 hundred-percent-fullwidth non-hundred-percent-height-scrolling\" style=\"--awb-border-radius-top-left:0px;--awb-border-radius-top-right:0px;--awb-border-radius-bottom-right:0px;--awb-border-radius-bottom-left:0px;--awb-overflow:visible;--awb-flex-wrap:wrap;\" ><div class=\"fusion-builder-row fusion-row\"><div class=\"fusion-layout-column fusion_builder_column fusion-builder-column-0 fusion_builder_column_1_1 1_1 fusion-one-full fusion-column-first fusion-column-last fusion-column-no-min-height\" style=\"--awb-bg-size:cover;--awb-margin-bottom:0px;\"><div class=\"fusion-column-wrapper fusion-flex-column-wrapper-legacy\"><div id=\"attachment_4071\" style=\"width: 310px\" class=\"wp-caption alignleft\"><a href=\"http:\/\/handballratingen.de\/wp\/wp-content\/uploads\/2015\/01\/20150110_TVR_2M_Wersten.jpg\"><img decoding=\"async\" aria-describedby=\"caption-attachment-4071\" class=\"wp-image-4071 size-medium\" src=\"http:\/\/handballratingen.de\/wp\/wp-content\/uploads\/2015\/01\/20150110_TVR_2M_Wersten-300x200.jpg\" alt=\"20150110_TVR_2M_Wersten\" width=\"300\" height=\"200\" srcset=\"https:\/\/www.handballratingen.de\/wp\/wp-content\/uploads\/2015\/01\/20150110_TVR_2M_Wersten-300x200.jpg 300w, https:\/\/www.handballratingen.de\/wp\/wp-content\/uploads\/2015\/01\/20150110_TVR_2M_Wersten.jpg 960w\" sizes=\"(max-width: 300px) 100vw, 300px\" \/><\/a><p id=\"caption-attachment-4071\" class=\"wp-caption-text\">Am Ende stand die &#8222;Zweite&#8220; gegen Wersten mit leeren H\u00e4nden da und hatte eine deutliche F\u00fchrung aus der Hand gegeben.<\/p><\/div>\n<p>Eine sehr ungl\u00fcckliche 32:33-Niederlage kassierte die \u201eZweite\u201c gegen SV Wersten 04 am gestrigen Samstag beim letzten Hinrundenspiel in dieser Saison. Motiviert gingen die M\u00e4nner in das Spiel und zeigten in den ersten 20 Minuten des Spiels durch eine agressive Abwehr, dass sie unbedingt die Punkte am Europaring halten wollten. Fr\u00fch musste der G\u00e4stetrainer bereits eine Auszeit nehmen, doch davon lie\u00df sich die \u201eZweite\u201c nicht aus der Ruhe bringen. Konsequent wurden die Angriffe abgeschlossen und irgendwie f\u00fchlte man sich auf der sicheren Seite des Erfolgs. Die \u201eZweite\u201c begann unkonzentriert zu werden. Es schlichen sich immer mehr technische Fehler ein und der Abschluss wurde nicht mehr mit der anf\u00e4nglichen Konsequenz gesucht. Wersten holte auf ,und die Zweite ging mit 20:17 in die Halbzeitpause.<\/p>\n<p>Die Fehler zogen sich in Durchgang zwei wie ein roter Faden durch das Spiel. Wersten wurde immer wieder eingeladen die B\u00e4lle einzunetzen, und im Angriff der \u201eZweiten\u201c kamen zu den \u00fcberhasteten Abschl\u00fcssen noch die verworfenen 7-Meter hinzu. Trotzdem sprach beim Stand von 31:29 eigentlich alles f\u00fcr die \u201eZweite\u201c, aber an diesem Tage war wirklich der Wurm drin. Weiter wurde \u00fcberhastet abgeschlossen, die Deckung vernachl\u00e4ssigt und Wersten konnte dann in ihrem letzten Angriff, 50 Sekunden vor dem Ende, das 32:33 erzielen. Im letzten Angriff der \u201eZweiten\u201c gelang es nicht mehr, den Ball einzunetzen und einen Punkt am Europaring zu halten.<\/p>\n<p>\u201eDie Mannschaft ist momentan total verunsichert und schafft es nicht, sich zur\u00fcckzunehmen und einen 5-Tore-Vorsprung zu halten\u201c, so ein entt\u00e4uschter Trainer Tom Strack. \u201eDie Jungs sind unheimlich engagiert und mit Feuereifer bei der Sache, aber sie schaffen es momentan nicht, die Leistung \u00fcber 60 Minuten zu halten. Daran m\u00fcssen wir arbeiten. Einen guten Einstand hatte heute, trotz der Niederlage, Alex im Tor.\u201c (-ts)<\/p>\n<p>Es spielten: Alex, Marcus (Tor), Basti, Jannik, Christian F, Felix, Martin, Rene, Peter, Christian A, Ron, Dennis, Julian<div class=\"fusion-clearfix\"><\/div><\/div><\/div><\/div><\/div>\n","protected":false},"excerpt":{"rendered":"","protected":false},"author":24,"featured_media":0,"comment_status":"closed","ping_status":"open","sticky":false,"template":"","format":"standard","meta":{"ngg_post_thumbnail":0,"jetpack_post_was_ever_published":false,"_jetpack_newsletter_access":"","_jetpack_dont_email_post_to_subs":false,"_jetpack_newsletter_tier_id":0,"_jetpack_memberships_contains_paywalled_content":false,"_jetpack_memberships_contains_paid_content":false,"footnotes":"","jetpack_publicize_message":"","jetpack_publicize_feature_enabled":true,"jetpack_social_post_already_shared":true,"jetpack_social_options":{"image_generator_settings":{"template":"highway","default_image_id":0,"font":"","enabled":false},"version":2}},"categories":[11,1],"tags":[],"class_list":["post-4069","post","type-post","status-publish","format-standard","hentry","category-2-herren","category-allgemein"],"jetpack_publicize_connections":[],"jetpack_featured_media_url":"","jetpack_sharing_enabled":true,"jetpack_shortlink":"https:\/\/wp.me\/p4Z74q-13D","_links":{"self":[{"href":"https:\/\/www.handballratingen.de\/wp\/index.php?rest_route=\/wp\/v2\/posts\/4069","targetHints":{"allow":["GET"]}}],"collection":[{"href":"https:\/\/www.handballratingen.de\/wp\/index.php?rest_route=\/wp\/v2\/posts"}],"about":[{"href":"https:\/\/www.handballratingen.de\/wp\/index.php?rest_route=\/wp\/v2\/types\/post"}],"author":[{"embeddable":true,"href":"https:\/\/www.handballratingen.de\/wp\/index.php?rest_route=\/wp\/v2\/users\/24"}],"replies":[{"embeddable":true,"href":"https:\/\/www.handballratingen.de\/wp\/index.php?rest_route=%2Fwp%2Fv2%2Fcomments&post=4069"}],"version-history":[{"count":5,"href":"https:\/\/www.handballratingen.de\/wp\/index.php?rest_route=\/wp\/v2\/posts\/4069\/revisions"}],"predecessor-version":[{"id":14072,"href":"https:\/\/www.handballratingen.de\/wp\/index.php?rest_route=\/wp\/v2\/posts\/4069\/revisions\/14072"}],"wp:attachment":[{"href":"https:\/\/www.handballratingen.de\/wp\/index.php?rest_route=%2Fwp%2Fv2%2Fmedia&parent=4069"}],"wp:term":[{"taxonomy":"category","embeddable":true,"href":"https:\/\/www.handballratingen.de\/wp\/index.php?rest_route=%2Fwp%2Fv2%2Fcategories&post=4069"},{"taxonomy":"post_tag","embeddable":true,"href":"https:\/\/www.handballratingen.de\/wp\/index.php?rest_route=%2Fwp%2Fv2%2Ftags&post=4069"}],"curies":[{"name":"wp","href":"https:\/\/api.w.org\/{rel}","templated":true}]}}