{"id":4217,"date":"2015-01-25T17:04:39","date_gmt":"2015-01-25T16:04:39","guid":{"rendered":"http:\/\/handballratingen.de\/wp\/?p=4217"},"modified":"2019-02-21T13:47:00","modified_gmt":"2019-02-21T12:47:00","slug":"glanzloser-3224-sieg-unserer-b-jugend-bei-art-duesseldorf-b3","status":"publish","type":"post","link":"https:\/\/www.handballratingen.de\/wp\/?p=4217","title":{"rendered":"Glanzloser 32:24-Sieg unserer B-Jugend bei ART D\u00fcsseldorf B3"},"content":{"rendered":"<div class=\"fusion-fullwidth fullwidth-box fusion-builder-row-1 hundred-percent-fullwidth non-hundred-percent-height-scrolling\" style=\"--awb-border-radius-top-left:0px;--awb-border-radius-top-right:0px;--awb-border-radius-bottom-right:0px;--awb-border-radius-bottom-left:0px;--awb-overflow:visible;--awb-flex-wrap:wrap;\" ><div class=\"fusion-builder-row fusion-row\"><div class=\"fusion-layout-column fusion_builder_column fusion-builder-column-0 fusion_builder_column_1_1 1_1 fusion-one-full fusion-column-first fusion-column-last fusion-column-no-min-height\" style=\"--awb-bg-size:cover;--awb-margin-bottom:0px;\"><div class=\"fusion-column-wrapper fusion-flex-column-wrapper-legacy\"><div id=\"attachment_4223\" style=\"width: 310px\" class=\"wp-caption alignleft\"><a href=\"http:\/\/handballratingen.de\/wp\/wp-content\/uploads\/2015\/01\/20150125_TVR_B1_ART_B3-Large.jpg\"><img decoding=\"async\" aria-describedby=\"caption-attachment-4223\" class=\"wp-image-4223 size-medium\" src=\"http:\/\/handballratingen.de\/wp\/wp-content\/uploads\/2015\/01\/20150125_TVR_B1_ART_B3-Large-300x168.jpg\" alt=\"20150125_TVR_B1_ART_B3 (Large)\" width=\"300\" height=\"168\" srcset=\"https:\/\/www.handballratingen.de\/wp\/wp-content\/uploads\/2015\/01\/20150125_TVR_B1_ART_B3-Large-300x168.jpg 300w, https:\/\/www.handballratingen.de\/wp\/wp-content\/uploads\/2015\/01\/20150125_TVR_B1_ART_B3-Large-1024x576.jpg 1024w, https:\/\/www.handballratingen.de\/wp\/wp-content\/uploads\/2015\/01\/20150125_TVR_B1_ART_B3-Large.jpg 1920w\" sizes=\"(max-width: 300px) 100vw, 300px\" \/><\/a><p id=\"caption-attachment-4223\" class=\"wp-caption-text\">Die B-Jugend nahm zwei Punkte von der R\u00fcckertstra\u00dfe beim Spiel gegen ART B3 mit nach Hause. (Foto: -mo)<\/p><\/div>\n<p>Zu einem ungef\u00e4hrdeten 32:24-Sieg gegen die B3 von ART D\u00fcsseldorf kam unsere B-Jugend beim heutigen Ausw\u00e4rtsspiel an der R\u00fcckertstra\u00dfe. Von Beginn an gingen die Gr\u00fcn-Wei\u00dfen in F\u00fchrung, lediglich bis zum 5:5 hielten die zum Teil deutlich j\u00fcngeren Spieler des ART mit. Bei 10:13 wurden die Seiten gewechselt und \u00fcber 13:19 und 19:28 der Schlu\u00dfstand zum 24:32-Sieg der Dumeklemmer erreicht.<\/p>\n<p>Die Mannschaft des TV konnte im Spiel heute aber nur bedingt \u00fcberzeugen. Nat\u00fcrlich ist es schwer, gegen k\u00f6rperlich unterlegene, aber quirlige\u00a0 Gegner robust zu verteidigen (die ART setzte vier Spieler des j\u00fcngeren (!) C-Jugend-Jahrgangs ein), zumal der Schiedsrichter auch bei jeder Aktion gefordert war, zwischen tats\u00e4chlichem Foulspiel oder reiner k\u00f6rperlicher \u00dcberlegenheit zu unterscheiden. Aber auch eingedenk dieser Tatsache waren die Jungs von Trainer Stefan Oberwinster h\u00e4ufig in der Abwehr zu passiv und einen Schritt zu sp\u00e4t. Vorne waren es eher Einzelaktionen und schnelle Tempogegenst\u00f6\u00dfe als konsequent durchgef\u00fchrte Spielz\u00fcge, die zu den Toren f\u00fchrten. Allerdings hatte die ART mit ihrem Keeper auch den besten Mann im Team, der mehr als zehn 100%-Chancen der TV-Jungs entsch\u00e4rfte.<\/p>\n<p>Nat\u00fcrlich bleibt die B-Jugend mit dem Sieg auf Tabellenposition zwei. Am kommenden Samstag kommt es dann um 15:45 Uhr am Europaring zum Spitzenspiel gegen den Tabellenf\u00fchrer Neusser HV. Da die Neusser sicherlich nicht mit einer halben C-Jugend auflaufen werden, sollte sich die B-Jugend im Abwehrverhalten schon mal darauf einstellen und w\u00e4hrend der Woche das beherzte Zupacken verinnerlichen. (-mo)<\/p>\n<p>Es spielten: Sebastian Goetze (Tor) \u2013 Hendrik Averdick (1\/1), Cedric Schmidt (2), Arne von Zedlitz (2), Tim Haupt (4), Henning von der Groeben (11), Felix Pohlmeier, Lars Friedrich (3), Lucas Otten (5), Jannis B\u00fcscher (1), Christopher Orlowicz, Yannik Dumeier (1), Hagen Br\u00fcckner,\u00a0 Hendrik Holtmeier (2).<div class=\"fusion-clearfix\"><\/div><\/div><\/div><\/div><\/div>\n","protected":false},"excerpt":{"rendered":"","protected":false},"author":24,"featured_media":0,"comment_status":"closed","ping_status":"open","sticky":false,"template":"","format":"standard","meta":{"ngg_post_thumbnail":0,"jetpack_post_was_ever_published":false,"_jetpack_newsletter_access":"","_jetpack_dont_email_post_to_subs":false,"_jetpack_newsletter_tier_id":0,"_jetpack_memberships_contains_paywalled_content":false,"_jetpack_memberships_contains_paid_content":false,"footnotes":"","jetpack_publicize_message":"","jetpack_publicize_feature_enabled":true,"jetpack_social_post_already_shared":true,"jetpack_social_options":{"image_generator_settings":{"template":"highway","default_image_id":0,"font":"","enabled":false},"version":2}},"categories":[1,19],"tags":[],"class_list":["post-4217","post","type-post","status-publish","format-standard","hentry","category-allgemein","category-b-jugend"],"jetpack_publicize_connections":[],"jetpack_featured_media_url":"","jetpack_sharing_enabled":true,"jetpack_shortlink":"https:\/\/wp.me\/p4Z74q-161","_links":{"self":[{"href":"https:\/\/www.handballratingen.de\/wp\/index.php?rest_route=\/wp\/v2\/posts\/4217","targetHints":{"allow":["GET"]}}],"collection":[{"href":"https:\/\/www.handballratingen.de\/wp\/index.php?rest_route=\/wp\/v2\/posts"}],"about":[{"href":"https:\/\/www.handballratingen.de\/wp\/index.php?rest_route=\/wp\/v2\/types\/post"}],"author":[{"embeddable":true,"href":"https:\/\/www.handballratingen.de\/wp\/index.php?rest_route=\/wp\/v2\/users\/24"}],"replies":[{"embeddable":true,"href":"https:\/\/www.handballratingen.de\/wp\/index.php?rest_route=%2Fwp%2Fv2%2Fcomments&post=4217"}],"version-history":[{"count":7,"href":"https:\/\/www.handballratingen.de\/wp\/index.php?rest_route=\/wp\/v2\/posts\/4217\/revisions"}],"predecessor-version":[{"id":14053,"href":"https:\/\/www.handballratingen.de\/wp\/index.php?rest_route=\/wp\/v2\/posts\/4217\/revisions\/14053"}],"wp:attachment":[{"href":"https:\/\/www.handballratingen.de\/wp\/index.php?rest_route=%2Fwp%2Fv2%2Fmedia&parent=4217"}],"wp:term":[{"taxonomy":"category","embeddable":true,"href":"https:\/\/www.handballratingen.de\/wp\/index.php?rest_route=%2Fwp%2Fv2%2Fcategories&post=4217"},{"taxonomy":"post_tag","embeddable":true,"href":"https:\/\/www.handballratingen.de\/wp\/index.php?rest_route=%2Fwp%2Fv2%2Ftags&post=4217"}],"curies":[{"name":"wp","href":"https:\/\/api.w.org\/{rel}","templated":true}]}}