{"id":4316,"date":"2015-02-22T20:53:01","date_gmt":"2015-02-22T19:53:01","guid":{"rendered":"http:\/\/handballratingen.de\/wp\/?p=4316"},"modified":"2019-02-21T13:46:59","modified_gmt":"2019-02-21T12:46:59","slug":"mit-einem-3817-sieg-gegen-eller-festigt-die-b-jugend-platz-eins-der-tabelle","status":"publish","type":"post","link":"https:\/\/www.handballratingen.de\/wp\/?p=4316","title":{"rendered":"Mit einem 38:17-Sieg gegen Eller festigt die B-Jugend Platz eins der Tabelle"},"content":{"rendered":"<div class=\"fusion-fullwidth fullwidth-box fusion-builder-row-1 hundred-percent-fullwidth non-hundred-percent-height-scrolling\" style=\"--awb-border-radius-top-left:0px;--awb-border-radius-top-right:0px;--awb-border-radius-bottom-right:0px;--awb-border-radius-bottom-left:0px;--awb-overflow:visible;--awb-flex-wrap:wrap;\" ><div class=\"fusion-builder-row fusion-row\"><div class=\"fusion-layout-column fusion_builder_column fusion-builder-column-0 fusion_builder_column_1_1 1_1 fusion-one-full fusion-column-first fusion-column-last fusion-column-no-min-height\" style=\"--awb-bg-size:cover;--awb-margin-bottom:0px;\"><div class=\"fusion-column-wrapper fusion-flex-column-wrapper-legacy\"><div id=\"attachment_4320\" style=\"width: 310px\" class=\"wp-caption alignleft\"><a href=\"http:\/\/handballratingen.de\/wp\/wp-content\/uploads\/2015\/02\/20150222_B_Jugend_Eller_3-Large.jpg\"><img decoding=\"async\" aria-describedby=\"caption-attachment-4320\" class=\"wp-image-4320 size-medium\" src=\"http:\/\/handballratingen.de\/wp\/wp-content\/uploads\/2015\/02\/20150222_B_Jugend_Eller_3-Large-300x206.jpg\" alt=\"20150222_B_Jugend_Eller_3 (Large)\" width=\"300\" height=\"206\" srcset=\"https:\/\/www.handballratingen.de\/wp\/wp-content\/uploads\/2015\/02\/20150222_B_Jugend_Eller_3-Large-300x206.jpg 300w, https:\/\/www.handballratingen.de\/wp\/wp-content\/uploads\/2015\/02\/20150222_B_Jugend_Eller_3-Large-1024x704.jpg 1024w, https:\/\/www.handballratingen.de\/wp\/wp-content\/uploads\/2015\/02\/20150222_B_Jugend_Eller_3-Large.jpg 1569w\" sizes=\"(max-width: 300px) 100vw, 300px\" \/><\/a><p id=\"caption-attachment-4320\" class=\"wp-caption-text\">Gegen Eller dreimal vom Kreis erfolgreich: Tanguy Meggazzini (Fotos: -mo)<\/p><\/div>\n<p>Mit einem auch in dieser H\u00f6he verdienten 38:17 (18:8)-Sieg gegen das Tabellenschlusslicht HSG Eller best\u00e4tigte die B-Jugend am heutigen Sonntag Mittag ihren Spitzenplatz in der Kreisliga. Damit gewannen die Jungs um Trainer Stefan Oberwinster auch ihr drittletztes Saisonspiel ohne Schwierigkeiten und haben es weiterhin selbst in der Hand, die Kreismeisterschaft in den letzten beiden ausstehenden Spielen perfekt zu machen.<\/p>\n<p>Dass heute f\u00fcr die G\u00e4ste aus D\u00fcsseldorf am Europaring nichts zu holen war, konnte man nicht nur am Tabellenstand der beiden Teams ablesen. Bereits Mitte der ersten Halbzeit waren die TVler vorentscheidend zum 10:4 enteilt, wenngleich Eller in den ersten Minuten zweimal sogar in F\u00fchrung gehen konnte. Trotz einiger technischer Fehler im Aufbauspiel und einer gewissen Passivit\u00e4t in der Abwehr gingen die Gr\u00fcn-Wei\u00dfen bei 18:8 mit einem Zehn-Tore-Vorsprung zum Pausentee.<\/p>\n<div class=\"fusion-clearfix\"><\/div><\/div><\/div><div class=\"fusion-layout-column fusion_builder_column fusion-builder-column-1 fusion_builder_column_1_1 1_1 fusion-one-full fusion-column-first fusion-column-last fusion-column-no-min-height\" style=\"--awb-bg-size:cover;--awb-margin-bottom:0px;\"><div class=\"fusion-column-wrapper fusion-flex-column-wrapper-legacy\"><div id=\"attachment_4321\" style=\"width: 310px\" class=\"wp-caption alignleft\"><a href=\"http:\/\/handballratingen.de\/wp\/wp-content\/uploads\/2015\/02\/20150222_B_Jugend_Eller_4-Large.jpg\"><img decoding=\"async\" aria-describedby=\"caption-attachment-4321\" class=\"wp-image-4321 size-medium\" src=\"http:\/\/handballratingen.de\/wp\/wp-content\/uploads\/2015\/02\/20150222_B_Jugend_Eller_4-Large-300x203.jpg\" alt=\"20150222_B_Jugend_Eller_4 (Large)\" width=\"300\" height=\"203\" srcset=\"https:\/\/www.handballratingen.de\/wp\/wp-content\/uploads\/2015\/02\/20150222_B_Jugend_Eller_4-Large-300x203.jpg 300w, https:\/\/www.handballratingen.de\/wp\/wp-content\/uploads\/2015\/02\/20150222_B_Jugend_Eller_4-Large-1024x693.jpg 1024w, https:\/\/www.handballratingen.de\/wp\/wp-content\/uploads\/2015\/02\/20150222_B_Jugend_Eller_4-Large.jpg 1595w\" sizes=\"(max-width: 300px) 100vw, 300px\" \/><\/a><p id=\"caption-attachment-4321\" class=\"wp-caption-text\">Niklas Hasenklever (Nr. 3) und Kimon Hanke (Nr. 8) aus der C-Jugend des TV liefen heute erstmals f\u00fcr die B-Jugend auf.<\/p><\/div>\n<p>Halbzeit zwei lieferte eine Fortsetzung der \u00dcberlegenheit des Tabellenf\u00fchrers, wenngleich auch hier durch g\u00f6\u00dferen Einsatz in der Abwehr und konsequenteres Angriffspiel mehr drin gewesen w\u00e4re. Schlu\u00dfendlich stand mit 38:17 ein deutliches Endergebnis auf der Anzeigetafel, die zwei Punkte bleiben am Europaring. Trainer Oberwinster r\u00e4umte allen Spielern seines 14k\u00f6pfigen Kaders viel Einsatzzeit ein und wechselte bei zwei Teamtimeouts zur Mitte von Halbzeit eins und zwei jeweils fast die gesamte Mannschaft. Erstmals in dieser Saison wurde die B-Jugend auch durch zwei C-Jugend-Spieler unterst\u00fctzt.<\/p>\n<p>&#8222;Ein Pferd springt wohl doch nur so hoch wie es muss&#8220;, lautete das n\u00fcchterne Fazit von Stefan Oberwinster nach dem Spiel. &#8222;Ich h\u00e4tte gerne mehr klarere Angriffsaktionen und eine zupackendere Abwehr gesehen, aber die Jungs waren mit dem Erreichten zu schnell zufrieden.&#8220; Nun gibt es bis zum 14. M\u00e4rz eine dreiw\u00f6chige Spielpause, bevor dann in Gerresheim und eine Woche sp\u00e4ter zu Hause am Europaring gegen die JSG Haan\/HAT die abschlie\u00dfenden Saisonspiele stattfinden. (-mo)<\/p>\n<p>Es spielten: Sebastian Goetze (Tor) \u2013 Arne von Zedlitz, Henning von der Groeben (6), Paul Berg (8), Lars Friedrich (7), Christopher Orlowicz, Yannik Dumeier (3), Hagen Br\u00fcckner (2),\u00a0 Tanguy Meggazzini (3), Felix Pohlmeyer (3), Tim Haupt, Jannis B\u00fcscher (3), Kimon Hanke (1), Niklas Hasenklever<\/p>\n<div class=\"fusion-clearfix\"><\/div><\/div><\/div><div class=\"fusion-layout-column fusion_builder_column fusion-builder-column-2 fusion_builder_column_1_1 1_1 fusion-one-full fusion-column-first fusion-column-last fusion-column-no-min-height\" style=\"--awb-bg-size:cover;--awb-margin-bottom:0px;\"><div class=\"fusion-column-wrapper fusion-flex-column-wrapper-legacy\"><div id=\"attachment_4322\" style=\"width: 1010px\" class=\"wp-caption aligncenter\"><a href=\"http:\/\/handballratingen.de\/wp\/wp-content\/uploads\/2015\/02\/20150222_B_Jugend_Eller_5-Large.jpg\"><img decoding=\"async\" aria-describedby=\"caption-attachment-4322\" class=\"wp-image-4322 size-large\" src=\"http:\/\/handballratingen.de\/wp\/wp-content\/uploads\/2015\/02\/20150222_B_Jugend_Eller_5-Large-1024x691.jpg\" alt=\"20150222_B_Jugend_Eller_5 (Large)\" width=\"1000\" height=\"674\" srcset=\"https:\/\/www.handballratingen.de\/wp\/wp-content\/uploads\/2015\/02\/20150222_B_Jugend_Eller_5-Large-300x202.jpg 300w, https:\/\/www.handballratingen.de\/wp\/wp-content\/uploads\/2015\/02\/20150222_B_Jugend_Eller_5-Large-1024x691.jpg 1024w, https:\/\/www.handballratingen.de\/wp\/wp-content\/uploads\/2015\/02\/20150222_B_Jugend_Eller_5-Large.jpg 1599w\" sizes=\"(max-width: 1000px) 100vw, 1000px\" \/><\/a><p id=\"caption-attachment-4322\" class=\"wp-caption-text\">Lange Bank: Trainer Stefan Oberwinster konnte trotz einiger krankheitsbedingter Ausf\u00e4lle auch heute wieder mit einem vollen Kader gegen Eller antreten.<\/p><\/div><div class=\"fusion-clearfix\"><\/div><\/div><\/div><\/div><\/div>\n","protected":false},"excerpt":{"rendered":"","protected":false},"author":24,"featured_media":0,"comment_status":"closed","ping_status":"open","sticky":false,"template":"","format":"standard","meta":{"ngg_post_thumbnail":0,"jetpack_post_was_ever_published":false,"_jetpack_newsletter_access":"","_jetpack_dont_email_post_to_subs":false,"_jetpack_newsletter_tier_id":0,"_jetpack_memberships_contains_paywalled_content":false,"_jetpack_memberships_contains_paid_content":false,"footnotes":"","jetpack_publicize_message":"","jetpack_publicize_feature_enabled":true,"jetpack_social_post_already_shared":true,"jetpack_social_options":{"image_generator_settings":{"template":"highway","default_image_id":0,"font":"","enabled":false},"version":2}},"categories":[1,19],"tags":[],"class_list":["post-4316","post","type-post","status-publish","format-standard","hentry","category-allgemein","category-b-jugend"],"jetpack_publicize_connections":[],"jetpack_featured_media_url":"","jetpack_sharing_enabled":true,"jetpack_shortlink":"https:\/\/wp.me\/p4Z74q-17C","_links":{"self":[{"href":"https:\/\/www.handballratingen.de\/wp\/index.php?rest_route=\/wp\/v2\/posts\/4316","targetHints":{"allow":["GET"]}}],"collection":[{"href":"https:\/\/www.handballratingen.de\/wp\/index.php?rest_route=\/wp\/v2\/posts"}],"about":[{"href":"https:\/\/www.handballratingen.de\/wp\/index.php?rest_route=\/wp\/v2\/types\/post"}],"author":[{"embeddable":true,"href":"https:\/\/www.handballratingen.de\/wp\/index.php?rest_route=\/wp\/v2\/users\/24"}],"replies":[{"embeddable":true,"href":"https:\/\/www.handballratingen.de\/wp\/index.php?rest_route=%2Fwp%2Fv2%2Fcomments&post=4316"}],"version-history":[{"count":9,"href":"https:\/\/www.handballratingen.de\/wp\/index.php?rest_route=\/wp\/v2\/posts\/4316\/revisions"}],"predecessor-version":[{"id":14041,"href":"https:\/\/www.handballratingen.de\/wp\/index.php?rest_route=\/wp\/v2\/posts\/4316\/revisions\/14041"}],"wp:attachment":[{"href":"https:\/\/www.handballratingen.de\/wp\/index.php?rest_route=%2Fwp%2Fv2%2Fmedia&parent=4316"}],"wp:term":[{"taxonomy":"category","embeddable":true,"href":"https:\/\/www.handballratingen.de\/wp\/index.php?rest_route=%2Fwp%2Fv2%2Fcategories&post=4316"},{"taxonomy":"post_tag","embeddable":true,"href":"https:\/\/www.handballratingen.de\/wp\/index.php?rest_route=%2Fwp%2Fv2%2Ftags&post=4316"}],"curies":[{"name":"wp","href":"https:\/\/api.w.org\/{rel}","templated":true}]}}