{"id":4431,"date":"2015-03-15T11:00:23","date_gmt":"2015-03-15T10:00:23","guid":{"rendered":"http:\/\/handballratingen.de\/wp\/?p=4431"},"modified":"2019-02-21T13:46:58","modified_gmt":"2019-02-21T12:46:58","slug":"1426-auswaertssieg-fuer-unsere-b-jugend-gegen-die-hsg-gerresheim","status":"publish","type":"post","link":"https:\/\/www.handballratingen.de\/wp\/?p=4431","title":{"rendered":"14:26-Ausw\u00e4rtssieg f\u00fcr unsere B-Jugend gegen die HSG Gerresheim"},"content":{"rendered":"<div class=\"fusion-fullwidth fullwidth-box fusion-builder-row-1 hundred-percent-fullwidth non-hundred-percent-height-scrolling\" style=\"--awb-border-radius-top-left:0px;--awb-border-radius-top-right:0px;--awb-border-radius-bottom-right:0px;--awb-border-radius-bottom-left:0px;--awb-overflow:visible;--awb-flex-wrap:wrap;\" ><div class=\"fusion-builder-row fusion-row\"><div class=\"fusion-layout-column fusion_builder_column fusion-builder-column-0 fusion_builder_column_1_1 1_1 fusion-one-full fusion-column-first fusion-column-last fusion-column-no-min-height\" style=\"--awb-bg-size:cover;--awb-margin-bottom:0px;\"><div class=\"fusion-column-wrapper fusion-flex-column-wrapper-legacy\"><div id=\"attachment_4435\" style=\"width: 310px\" class=\"wp-caption alignleft\"><a href=\"http:\/\/handballratingen.de\/wp\/wp-content\/uploads\/2015\/03\/DSC_5699.jpg\"><img decoding=\"async\" aria-describedby=\"caption-attachment-4435\" class=\"wp-image-4435 size-medium\" src=\"http:\/\/handballratingen.de\/wp\/wp-content\/uploads\/2015\/03\/DSC_5699-300x199.jpg\" alt=\"B-Jugend DSC_5699\" width=\"300\" height=\"199\" srcset=\"https:\/\/www.handballratingen.de\/wp\/wp-content\/uploads\/2015\/03\/DSC_5699-300x199.jpg 300w, https:\/\/www.handballratingen.de\/wp\/wp-content\/uploads\/2015\/03\/DSC_5699-1024x681.jpg 1024w, https:\/\/www.handballratingen.de\/wp\/wp-content\/uploads\/2015\/03\/DSC_5699.jpg 3008w\" sizes=\"(max-width: 300px) 100vw, 300px\" \/><\/a><p id=\"caption-attachment-4435\" class=\"wp-caption-text\">Trainer Oberwinster hatte wieder einen vollen Kader und hielt mit zwei Wechseln jeweils zur H\u00e4lfte der Hurchg\u00e4nge das Tempo hoch. (Foto: -mo)<\/p><\/div>\n<p>Den vorletzten Schritt zum erkl\u00e4rten Saisonziel &#8222;Kreismeister&#8220; hat die B-Jugend von Trainer Stefan Oberwinster am gestrigen Samstag Nachmittag beim Gastgeber HSG Gerresheim gemacht: Mit 14:26 (4:14) fiel der Ausw\u00e4rtssieg nach dreiw\u00f6chiger Spielpause deutlich aus und war nie gef\u00e4hrdet. Dem TV gelang es dabei \u00fcber die gesamte Spielzeit, aufgrund des gro\u00dfen Kaders das Tempo hoch zu halten, zeitweilig fehlte aber im Abschluss die letzte Genauigkeit.<\/p>\n<p>Lediglich bis zum 3:2 konnten die D\u00fcsseldorfer anfangs mithalten, ehe der TV-Express Fahrt aufnahm und mit einem 1:12-Lauf bereits zur Halbzeit die Partie entschied. In der zweiten Halbzeit lie\u00dfen es die Gr\u00fcn-Wei\u00dfen dann etwas ruhiger angehen und waren eher auf Ergebnisverwaltung gepolt. Einziger wirklicher Aufreger in diesem Abschnitt war eine doppelte Zeitstrafe f\u00fcr den TV, die Lucas nach einem vermeintlichen Foul in der Abwehr sowie Keeper Sebastian nach einem Kommentar in Richtung Schiedsrichtergespann ereilte. Kurzfristig ging Henning ins Tor, und mit geb\u00fcndelten Kr\u00e4ften konnten die Jungs des TV nicht nur ein Gegentor vermeiden, sondern bei eigenen vier Treffern die doppelte Unterzahl zum zwischenzeitlichen 9:23 erfolgreich nutzen. Die Tore wurden an diesem Spieltag recht gleichm\u00e4\u00dfig im Team erzielt, besonders engagiert gingen in Halbzeit zwei Tim auf Linksau\u00dfen und Lars zu Werke. Besser werden kann das Spiel der Ratinger aktuell auf der rechten Au\u00dfenposition sowie beim Zuspiel an den Kreis; hier wurden h\u00e4ufig gute Anspielm\u00f6glichkeiten nicht genutzt.<\/p>\n<div class=\"fusion-clearfix\"><\/div><\/div><\/div><div class=\"fusion-layout-column fusion_builder_column fusion-builder-column-1 fusion_builder_column_1_1 1_1 fusion-one-full fusion-column-first fusion-column-last fusion-column-no-min-height\" style=\"--awb-bg-size:cover;--awb-margin-bottom:0px;\"><div class=\"fusion-column-wrapper fusion-flex-column-wrapper-legacy\"><div id=\"attachment_4436\" style=\"width: 1010px\" class=\"wp-caption aligncenter\"><a href=\"http:\/\/handballratingen.de\/wp\/wp-content\/uploads\/2015\/03\/DSC_5701.jpg\"><img decoding=\"async\" aria-describedby=\"caption-attachment-4436\" class=\"wp-image-4436 size-large\" src=\"http:\/\/handballratingen.de\/wp\/wp-content\/uploads\/2015\/03\/DSC_5701-1024x681.jpg\" alt=\"DSC_5701\" width=\"1000\" height=\"665\" srcset=\"https:\/\/www.handballratingen.de\/wp\/wp-content\/uploads\/2015\/03\/DSC_5701-300x199.jpg 300w, https:\/\/www.handballratingen.de\/wp\/wp-content\/uploads\/2015\/03\/DSC_5701-1024x681.jpg 1024w, https:\/\/www.handballratingen.de\/wp\/wp-content\/uploads\/2015\/03\/DSC_5701.jpg 3008w\" sizes=\"(max-width: 1000px) 100vw, 1000px\" \/><\/a><p id=\"caption-attachment-4436\" class=\"wp-caption-text\">Ein kompletter Kader ist momentan einer der gro\u00dfen Vorteile der B-Jugend des TV (Foto: -mo)<\/p><\/div>\n<p>Zum letzten Saisonspiel erwartet die B-Jugend am kommenden Sonntag, 22. M\u00e4rz, zur ungewohnten Anwurfzeit um 13:15 Uhr die Mannschaft von JSG Haan\/HAT in eigener Halle am Europaring. Dann sollen die letzten zwei Punkte zum Meistertitel eingefahren werden. Der Ligakonkurrent Neusser HV hat seine Saison bereits erfolgreich beendet, so dass nur ein Sieg gegen Haan den kr\u00f6nenden Abschluss bringen wird. Die Jungs freuen sich auf viele Zuschauer. (-mo)<\/p>\n<p>Es spielten: Sebastian Goetze (Tor) \u2013 Arne von Zedlitz, Henning von der Groeben (5), Paul Berg (6), Lars Friedrich (3), Christopher Orlowicz, Tanguy Meggazzini, Felix Pohlmeyer, Tim Haupt (4), Jannis B\u00fcscher (2), Lucas Otten (2), Hendrik Averdick (1), Hendrik Holtmeier (2), Cedric Schmidt (1)<\/p>\n<p>&nbsp;<div class=\"fusion-clearfix\"><\/div><\/div><\/div><\/div><\/div>\n","protected":false},"excerpt":{"rendered":"","protected":false},"author":24,"featured_media":0,"comment_status":"closed","ping_status":"open","sticky":false,"template":"","format":"standard","meta":{"ngg_post_thumbnail":0,"jetpack_post_was_ever_published":false,"_jetpack_newsletter_access":"","_jetpack_dont_email_post_to_subs":false,"_jetpack_newsletter_tier_id":0,"_jetpack_memberships_contains_paywalled_content":false,"_jetpack_memberships_contains_paid_content":false,"footnotes":"","jetpack_publicize_message":"","jetpack_publicize_feature_enabled":true,"jetpack_social_post_already_shared":true,"jetpack_social_options":{"image_generator_settings":{"template":"highway","default_image_id":0,"font":"","enabled":false},"version":2}},"categories":[1,19],"tags":[],"class_list":["post-4431","post","type-post","status-publish","format-standard","hentry","category-allgemein","category-b-jugend"],"jetpack_publicize_connections":[],"jetpack_featured_media_url":"","jetpack_sharing_enabled":true,"jetpack_shortlink":"https:\/\/wp.me\/p4Z74q-19t","_links":{"self":[{"href":"https:\/\/www.handballratingen.de\/wp\/index.php?rest_route=\/wp\/v2\/posts\/4431","targetHints":{"allow":["GET"]}}],"collection":[{"href":"https:\/\/www.handballratingen.de\/wp\/index.php?rest_route=\/wp\/v2\/posts"}],"about":[{"href":"https:\/\/www.handballratingen.de\/wp\/index.php?rest_route=\/wp\/v2\/types\/post"}],"author":[{"embeddable":true,"href":"https:\/\/www.handballratingen.de\/wp\/index.php?rest_route=\/wp\/v2\/users\/24"}],"replies":[{"embeddable":true,"href":"https:\/\/www.handballratingen.de\/wp\/index.php?rest_route=%2Fwp%2Fv2%2Fcomments&post=4431"}],"version-history":[{"count":7,"href":"https:\/\/www.handballratingen.de\/wp\/index.php?rest_route=\/wp\/v2\/posts\/4431\/revisions"}],"predecessor-version":[{"id":14027,"href":"https:\/\/www.handballratingen.de\/wp\/index.php?rest_route=\/wp\/v2\/posts\/4431\/revisions\/14027"}],"wp:attachment":[{"href":"https:\/\/www.handballratingen.de\/wp\/index.php?rest_route=%2Fwp%2Fv2%2Fmedia&parent=4431"}],"wp:term":[{"taxonomy":"category","embeddable":true,"href":"https:\/\/www.handballratingen.de\/wp\/index.php?rest_route=%2Fwp%2Fv2%2Fcategories&post=4431"},{"taxonomy":"post_tag","embeddable":true,"href":"https:\/\/www.handballratingen.de\/wp\/index.php?rest_route=%2Fwp%2Fv2%2Ftags&post=4431"}],"curies":[{"name":"wp","href":"https:\/\/api.w.org\/{rel}","templated":true}]}}