{"id":4456,"date":"2015-03-20T08:00:14","date_gmt":"2015-03-20T07:00:14","guid":{"rendered":"http:\/\/handballratingen.de\/wp\/?p=4456"},"modified":"2019-02-21T13:46:58","modified_gmt":"2019-02-21T12:46:58","slug":"samstag-ist-derbytime-am-europaring-tv-ratingen-vs-tus-lintorf","status":"publish","type":"post","link":"https:\/\/www.handballratingen.de\/wp\/?p=4456","title":{"rendered":"Samstag ist Derbytime am Europaring: TV Ratingen vs. TuS Lintorf"},"content":{"rendered":"<div class=\"fusion-fullwidth fullwidth-box fusion-builder-row-1 hundred-percent-fullwidth non-hundred-percent-height-scrolling\" style=\"--awb-border-radius-top-left:0px;--awb-border-radius-top-right:0px;--awb-border-radius-bottom-right:0px;--awb-border-radius-bottom-left:0px;--awb-overflow:visible;--awb-flex-wrap:wrap;\" ><div class=\"fusion-builder-row fusion-row\"><div class=\"fusion-layout-column fusion_builder_column fusion-builder-column-0 fusion_builder_column_1_1 1_1 fusion-one-full fusion-column-first fusion-column-last fusion-column-no-min-height\" style=\"--awb-bg-size:cover;--awb-margin-bottom:0px;\"><div class=\"fusion-column-wrapper fusion-flex-column-wrapper-legacy\"><div id=\"attachment_4460\" style=\"width: 222px\" class=\"wp-caption alignleft\"><a href=\"http:\/\/handballratingen.de\/wp\/wp-content\/uploads\/2015\/03\/20150321_Lintorf_Lokalderby.jpg\"><img decoding=\"async\" aria-describedby=\"caption-attachment-4460\" class=\"wp-image-4460 size-medium\" src=\"http:\/\/handballratingen.de\/wp\/wp-content\/uploads\/2015\/03\/20150321_Lintorf_Lokalderby-212x300.jpg\" alt=\"20150321_Lintorf_Lokalderby\" width=\"212\" height=\"300\" srcset=\"https:\/\/www.handballratingen.de\/wp\/wp-content\/uploads\/2015\/03\/20150321_Lintorf_Lokalderby-212x300.jpg 212w, https:\/\/www.handballratingen.de\/wp\/wp-content\/uploads\/2015\/03\/20150321_Lintorf_Lokalderby-724x1024.jpg 724w, https:\/\/www.handballratingen.de\/wp\/wp-content\/uploads\/2015\/03\/20150321_Lintorf_Lokalderby.jpg 2000w\" sizes=\"(max-width: 212px) 100vw, 212px\" \/><\/a><p id=\"caption-attachment-4460\" class=\"wp-caption-text\">Am Samstag, den 21.03. geht es am Europaring um 18:00 beim Lokalderby zwischen den Gr\u00fcn-Wei\u00dfen vom TVR und Lintorf wieder sicher hoch her. Spannung ist garantiert.<\/p><\/div>\n<p>Es ist wieder soweit. An diesem Samstag ist wieder Derbytime in Ratingen, wenn die Erste daheim am Europaring um 18:00 Uhr den TuS Lintorf empf\u00e4ngt. Diese Spiele sind stets gut besucht und so freuen sich beide Teams auf dieses Match. Lintorf wird aufgrund der ungl\u00fccklichen Niederlage im Hinspiel mit gro\u00dfen Vors\u00e4tzen zum Europaring anreisen. Denn in eben diesem hatten sie unmittelbar nach Schlusspfiff den zun\u00e4chst umjubelten Ausgleichstreffer erzielt, welcher jedoch kurz darauf von den Schiedsrichtern aberkannt wurde. Entsprechend gro\u00df war anschlie\u00dfend die Entt\u00e4uschung bei den Lintorfern und die Freude und Erleichterung auf Seiten der Ersten.<\/p>\n<p>F\u00fcr Brisanz ist demnach gesorgt, zudem begegnen sich beide Teams auf Augenh\u00f6he. Der TuS hat sich nach vollkommen verkorkstem Saisonauftakt mehr als nur gefangen und nach dem Trainerwechsel in der Hinrunde &#8211; Christian Beckers leitet nun die Geschicke in Lintorf &#8211;\u00a0 zu alter St\u00e4rke zur\u00fcckgefunden. Seit dem Hinspiel stehen sieben Siegen einem Unentschieden und nur zwei Niederlagen gegen\u00fcber. Dadurch sind die Lokalrivalen auf den sechsten Tabellenplatz geklettert und haben auch den TVR \u00fcberholt, er ist derzeit Tabellensiebter. Die Formkurve des TuS 08 zeigt demnach eindeutig nach oben.<\/p>\n<p>Das tut sie jedoch beim TVR ebenfalls. Zuletzt wurden zwei Siege eingefahren und auch sonst erweckt die Mannschaft nicht den Eindruck, als wenn sie mit dem bisher erreichten zufrieden ist. Coach Trimborn gibt die Marschroute eindeutig vor: \u201eWir haben noch f\u00fcnf Spiele und wollen die vollen zehn Punkte holen!\u201c. F\u00fcr dieses Unterfangen steht ihm auch zu dem fortgeschritten Saisonzeitpunkt ein sehr breiter Kader zur Verf\u00fcgung. Durch die beiden Neuzug\u00e4nge von Marc Stepcke und Raban Hoffmann, beides Linksh\u00e4nder, ist der TVR zudem variabler geworden. Viele Spieler zeigen sich eindeutig formverbessert, denn auch die zus\u00e4tzliche Fitnesseinheit montags zahlt sich aus. So wurde beispielsweise das vergangene Spiel gegen Wermelskirchen in den letzten Minuten dank der Kraftreserven und eisernem Willen tats\u00e4chlich noch gedreht.<\/p>\n<p>Auch am Samstag d\u00fcrfen sich die zahlreichen Anh\u00e4nger beider Lager wieder auf ein packendes Derby freuen. Zuletzt konnte der TVR zweimal die Oberhand behalten. Aller guten Dinge sind drei. Also auf zum Derbysieg, mit dem der TuS 08 aufgrund des direkten Vergleiches in der Tabelle wieder \u00fcberholt werden w\u00fcrde. (-nv)<\/p>\n<p><strong>Tabellensituation<\/strong><\/p>\n<p>TVR 7. Platz mit 19-17 Punkten und 515:549 Toren<\/p>\n<p>TuS 08 Lintorf 6. Platz mit 21-17 Punkten und 524:473 Toren<\/p>\n<p><strong>Letzte f\u00fcnf Spiele<\/strong><\/p>\n<p>TVR\u00a0\u00a0\u00a0\u00a0\u00a0\u00a0\u00a0\u00a0\u00a0\u00a0\u00a0\u00a0\u00a0\u00a0\u00a0 N-U-N-S-S<\/p>\n<p>TuS 08 \u00a0\u00a0\u00a0\u00a0\u00a0\u00a0\u00a0\u00a0\u00a0\u00a0 S-N-S-S-S<\/p>\n<p><strong>Hinspiel:\u00a0 <\/strong>TuS 08 \u2013 TVR 22:23<div class=\"fusion-clearfix\"><\/div><\/div><\/div><\/div><\/div>\n","protected":false},"excerpt":{"rendered":"","protected":false},"author":24,"featured_media":0,"comment_status":"closed","ping_status":"open","sticky":false,"template":"","format":"standard","meta":{"ngg_post_thumbnail":0,"jetpack_post_was_ever_published":false,"_jetpack_newsletter_access":"","_jetpack_dont_email_post_to_subs":false,"_jetpack_newsletter_tier_id":0,"_jetpack_memberships_contains_paywalled_content":false,"_jetpack_memberships_contains_paid_content":false,"footnotes":"","jetpack_publicize_message":"","jetpack_publicize_feature_enabled":true,"jetpack_social_post_already_shared":true,"jetpack_social_options":{"image_generator_settings":{"template":"highway","default_image_id":0,"font":"","enabled":false},"version":2}},"categories":[9,1],"tags":[],"class_list":["post-4456","post","type-post","status-publish","format-standard","hentry","category-1-herren","category-allgemein"],"jetpack_publicize_connections":[],"jetpack_featured_media_url":"","jetpack_sharing_enabled":true,"jetpack_shortlink":"https:\/\/wp.me\/p4Z74q-19S","_links":{"self":[{"href":"https:\/\/www.handballratingen.de\/wp\/index.php?rest_route=\/wp\/v2\/posts\/4456","targetHints":{"allow":["GET"]}}],"collection":[{"href":"https:\/\/www.handballratingen.de\/wp\/index.php?rest_route=\/wp\/v2\/posts"}],"about":[{"href":"https:\/\/www.handballratingen.de\/wp\/index.php?rest_route=\/wp\/v2\/types\/post"}],"author":[{"embeddable":true,"href":"https:\/\/www.handballratingen.de\/wp\/index.php?rest_route=\/wp\/v2\/users\/24"}],"replies":[{"embeddable":true,"href":"https:\/\/www.handballratingen.de\/wp\/index.php?rest_route=%2Fwp%2Fv2%2Fcomments&post=4456"}],"version-history":[{"count":7,"href":"https:\/\/www.handballratingen.de\/wp\/index.php?rest_route=\/wp\/v2\/posts\/4456\/revisions"}],"predecessor-version":[{"id":14024,"href":"https:\/\/www.handballratingen.de\/wp\/index.php?rest_route=\/wp\/v2\/posts\/4456\/revisions\/14024"}],"wp:attachment":[{"href":"https:\/\/www.handballratingen.de\/wp\/index.php?rest_route=%2Fwp%2Fv2%2Fmedia&parent=4456"}],"wp:term":[{"taxonomy":"category","embeddable":true,"href":"https:\/\/www.handballratingen.de\/wp\/index.php?rest_route=%2Fwp%2Fv2%2Fcategories&post=4456"},{"taxonomy":"post_tag","embeddable":true,"href":"https:\/\/www.handballratingen.de\/wp\/index.php?rest_route=%2Fwp%2Fv2%2Ftags&post=4456"}],"curies":[{"name":"wp","href":"https:\/\/api.w.org\/{rel}","templated":true}]}}