{"id":4612,"date":"2015-04-23T19:08:25","date_gmt":"2015-04-23T18:08:25","guid":{"rendered":"http:\/\/handballratingen.de\/wp\/?p=4612"},"modified":"2019-02-21T13:46:58","modified_gmt":"2019-02-21T12:46:58","slug":"zum-ende-der-spielzeit-geht-tom-strack-als-trainer-von-bord","status":"publish","type":"post","link":"https:\/\/www.handballratingen.de\/wp\/?p=4612","title":{"rendered":"Zum Ende der Spielzeit geht Tom Strack als Trainer von Bord"},"content":{"rendered":"<div class=\"fusion-fullwidth fullwidth-box fusion-builder-row-1 hundred-percent-fullwidth non-hundred-percent-height-scrolling\" style=\"--awb-border-radius-top-left:0px;--awb-border-radius-top-right:0px;--awb-border-radius-bottom-right:0px;--awb-border-radius-bottom-left:0px;--awb-overflow:visible;--awb-flex-wrap:wrap;\" ><div class=\"fusion-builder-row fusion-row\"><div class=\"fusion-layout-column fusion_builder_column fusion-builder-column-0 fusion_builder_column_1_1 1_1 fusion-one-full fusion-column-first fusion-column-last fusion-column-no-min-height\" style=\"--awb-bg-size:cover;--awb-margin-bottom:0px;\"><div class=\"fusion-column-wrapper fusion-flex-column-wrapper-legacy\"><div id=\"attachment_3682\" style=\"width: 310px\" class=\"wp-caption alignleft\"><a href=\"http:\/\/handballratingen.de\/wp\/wp-content\/uploads\/2014\/10\/Tom-Strack_Trainer.jpg\"><img decoding=\"async\" aria-describedby=\"caption-attachment-3682\" class=\"wp-image-3682 size-medium\" src=\"http:\/\/handballratingen.de\/wp\/wp-content\/uploads\/2014\/10\/Tom-Strack_Trainer-300x199.jpg\" alt=\"\" width=\"300\" height=\"199\" srcset=\"https:\/\/www.handballratingen.de\/wp\/wp-content\/uploads\/2014\/10\/Tom-Strack_Trainer-300x199.jpg 300w, https:\/\/www.handballratingen.de\/wp\/wp-content\/uploads\/2014\/10\/Tom-Strack_Trainer-1024x680.jpg 1024w, https:\/\/www.handballratingen.de\/wp\/wp-content\/uploads\/2014\/10\/Tom-Strack_Trainer.jpg 3000w\" sizes=\"(max-width: 300px) 100vw, 300px\" \/><\/a><p id=\"caption-attachment-3682\" class=\"wp-caption-text\">Tom Strack war zwei Jahre Trainer der zweiten Herrenmannschaft.<\/p><\/div>\n<p>Nach zweij\u00e4hriger T\u00e4tigkeit als Trainer der zweiten Herrenmannschaft wird Tom Strack zum Saisonende aus den Diensten des TV Ratingen ausscheiden. Das teilte Tom Strack dem Vorstand der Abteilung und der Mannschaft in den vergangenen Tagen mit. Sicherlich ist diese Entscheidung f\u00fcr den TV h\u00f6chst bedauerlich, aber andererseits auch nachvollziehbar. Tom Strack musste bereits bislang mit seiner Anreise aus T\u00f6nisvorst gro\u00dfe Strecken zum TV nach Ratingen zur\u00fcckzulegen, durch seinen anstehenden Umzug ins Dreil\u00e4ndereck nach Aachen w\u00fcrde dies noch zeitintensiver und ist daher zeitlich nicht mehr leistbar.<\/p>\n<p>Tom Strack hat die zweite Mannschaft zwei Jahre betreut und nach dem Abstieg aus der Landesliga den direkten Wiederaufstieg mit einem zweiten Platz in der Bezirksliga in dieser Spielzeit nur \u00e4u\u00dferst knapp verpasst. &#8222;Mit Tom geht ein Trainer, der die zweite Mannschaften in den beiden letzten Jahren exzellent betreut hat, wir h\u00e4tten ihn sehr gerne f\u00fcr weitere Jahre an den TV gebunden. Ich sage Tom ein riesengro\u00dfes Dankesch\u00f6n f\u00fcr diese Zeit im Namen aller Mannschaften und der ganzen Handballabteilung&#8220;, sagte Thomas Oberwinster als Reaktion auf die Abschiedsnachricht von Tom Strack. &#8222;Gl\u00fccklicherweise konnten wir die entstehende L\u00fccke sofort dadurch schlie\u00dfen, dass sich unser neuer A-Jugend-Trainer Peter Franke spontan bereit erkl\u00e4rt hat, als Trainer auch die zweite Herrenmannschaft mit zu trainieren&#8220;, so Thomas Oberwinster weiter.<\/p>\n<p>Dem herzlichen Dank der Abteilungsleitung an Tom Strack schlie\u00dfen wir uns nat\u00fcrlich gerne an. Danke Tom f\u00fcr zwei Jahre tolles Engagement f\u00fcr die zweite Herrenmannschaft und den Handball beim TV Ratingen. Einen gro\u00dfen Dank auch f\u00fcr die regelm\u00e4\u00dfigen Vorberichte und Spielberichte f\u00fcr unsere Homepage. Das alles ist nicht selbstverst\u00e4ndlich, und so w\u00fcnschen wir f\u00fcr die Zukunft von Herzen alles Gute! (-mo)<div class=\"fusion-clearfix\"><\/div><\/div><\/div><\/div><\/div>\n","protected":false},"excerpt":{"rendered":"","protected":false},"author":24,"featured_media":0,"comment_status":"closed","ping_status":"open","sticky":false,"template":"","format":"standard","meta":{"ngg_post_thumbnail":0,"jetpack_post_was_ever_published":false,"_jetpack_newsletter_access":"","_jetpack_dont_email_post_to_subs":false,"_jetpack_newsletter_tier_id":0,"_jetpack_memberships_contains_paywalled_content":false,"_jetpack_memberships_contains_paid_content":false,"footnotes":"","jetpack_publicize_message":"","jetpack_publicize_feature_enabled":true,"jetpack_social_post_already_shared":true,"jetpack_social_options":{"image_generator_settings":{"template":"highway","default_image_id":0,"font":"","enabled":false},"version":2}},"categories":[11,1],"tags":[],"class_list":["post-4612","post","type-post","status-publish","format-standard","hentry","category-2-herren","category-allgemein"],"jetpack_publicize_connections":[],"jetpack_featured_media_url":"","jetpack_sharing_enabled":true,"jetpack_shortlink":"https:\/\/wp.me\/p4Z74q-1co","_links":{"self":[{"href":"https:\/\/www.handballratingen.de\/wp\/index.php?rest_route=\/wp\/v2\/posts\/4612","targetHints":{"allow":["GET"]}}],"collection":[{"href":"https:\/\/www.handballratingen.de\/wp\/index.php?rest_route=\/wp\/v2\/posts"}],"about":[{"href":"https:\/\/www.handballratingen.de\/wp\/index.php?rest_route=\/wp\/v2\/types\/post"}],"author":[{"embeddable":true,"href":"https:\/\/www.handballratingen.de\/wp\/index.php?rest_route=\/wp\/v2\/users\/24"}],"replies":[{"embeddable":true,"href":"https:\/\/www.handballratingen.de\/wp\/index.php?rest_route=%2Fwp%2Fv2%2Fcomments&post=4612"}],"version-history":[{"count":6,"href":"https:\/\/www.handballratingen.de\/wp\/index.php?rest_route=\/wp\/v2\/posts\/4612\/revisions"}],"predecessor-version":[{"id":14019,"href":"https:\/\/www.handballratingen.de\/wp\/index.php?rest_route=\/wp\/v2\/posts\/4612\/revisions\/14019"}],"wp:attachment":[{"href":"https:\/\/www.handballratingen.de\/wp\/index.php?rest_route=%2Fwp%2Fv2%2Fmedia&parent=4612"}],"wp:term":[{"taxonomy":"category","embeddable":true,"href":"https:\/\/www.handballratingen.de\/wp\/index.php?rest_route=%2Fwp%2Fv2%2Fcategories&post=4612"},{"taxonomy":"post_tag","embeddable":true,"href":"https:\/\/www.handballratingen.de\/wp\/index.php?rest_route=%2Fwp%2Fv2%2Ftags&post=4612"}],"curies":[{"name":"wp","href":"https:\/\/api.w.org\/{rel}","templated":true}]}}