{"id":4678,"date":"2015-05-03T19:44:00","date_gmt":"2015-05-03T18:44:00","guid":{"rendered":"http:\/\/handballratingen.de\/wp\/?p=4678"},"modified":"2015-05-03T19:44:00","modified_gmt":"2015-05-03T18:44:00","slug":"leider-kein-sieg-zum-saisonabschluss-die-zwote-verliert-3732-in-wersten","status":"publish","type":"post","link":"https:\/\/www.handballratingen.de\/wp\/?p=4678","title":{"rendered":"Leider kein Sieg zum Saisonabschluss: Die &#8222;Zwote&#8220; verliert 37:32 in Wersten"},"content":{"rendered":"<p>Samstagnachmittag in Wersten. Die Sonne scheint, die Halle ist erfreulich wohl temperiert und die Mannschaften, incl. Schiedsrichter, laufen sich warm. Eigentlich optimale Bedingungen, um am letzten Spieltag einer langen Saison ein entspanntes Spiel zu sehen. Zuschauer auf den R\u00e4ngen liegen sich freudestrahlend in den Armen und fangen bereits mit der Vernichtung von Gerstensaft an.<\/p>\n<p>Wersten \u00fcberrascht bereits vor dem Spiel mit der Wahl ihrer Trikots. Somit ist die \u201eZwote\u201c auch \u00fcberrrascht und wird \u00fcberraschend kurzfristig mit Ausweichtrikots \u00fcberrascht. Schwarze Trikots. Sollte die Macht mit uns sein?? Jetzt aber genug mit \u00dcberraschungen. M\u00f6ge das Spiel beginnen.<\/p>\n<p>Die \u201eZwote\u201c beginnt wie die Feuerwehr und geht mit 3:0 in F\u00fchrung. Wersten k\u00e4mpft sich so langsam heran und es entwickelt sich bis zur 20. Minute ein Kopf-an-Kopf-Rennen. \u00dcber 7:5 und 10:10 geht Wersten dann mit 18:14 in die Pause. Soweit noch alles in Ordnung beim Spiel der \u201eZwoten\u201c, wenn nicht die bis dahin sechs Pfosten- bzw. Lattenw\u00fcrfe gewesen w\u00e4ren. In der Kabine sind alle der Meinung, das man diese Pfosten- und Lattentreffer jetzt in Tore umm\u00fcnzen sollte.<\/p>\n<p>Dies ist jedoch leichter gesagt als getan. Im Gegenteil. Wersten kommt zu einfachen Toren und setzt sich bis zur 45. Minute vorentscheidend auf 26:20 ab. Die \u201eZwote\u201c k\u00e4mpft weiterhin und setzt die Serie der Pfosten- und Lattentreffer fort. So verwaltet Wersten den Sieg in der letzten Viertelstunde und geht verdient mit 37:32 als Sieger von der Platte.<\/p>\n<p>\u201eEs war heute keine Glanzleistung von uns\u201c, so Trainer Tom Strack. \u201eEigentlich wollte mir die Mannschaft noch einen Sieg zum Abschied schenken, aber leider war diese komische Begrenzung aus Holz, die so rechteckig an der Grundlinie steht, zu oft im Wege. Da es ein \u201eh\u00e4tte, h\u00e4tte Fahrradkette\u201c nicht gibt, haben wir die Dinger nicht verwertet und uns so um die Fr\u00fcchte gebracht. Wersten war halt besser getroffen und verdient gewonnen. Unter dem Strich gesehen war es eine gute Saison f\u00fcr uns. Wir sind Vizemeister und bereiten uns jetzt noch auf die gro\u00dfe dritte Halbzeit vor.<\/p>\n<p>Ich m\u00f6chte mich an dieser Stelle bei allen Spielern und Verantwortlichen der Handballabteilung f\u00fcr zwei tolle Jahre bedanken. Es hat mir sehr viel Spa\u00df gemacht und ich gehe mit einem gro\u00dfen weinenden und einem kleinen lachenden Auge.\u201c<\/p>\n<p>Die \u201eZwote\u201c m\u00f6chte sich an dieser Stelle nochmals bei ALLEN bedanken, die uns tatkr\u00e4ftig unterst\u00fctzt haben, im Hintergrund sowie im Vordergrund, also quasi sehr oft und viel. Danke an die Sponsoren und danke auch an uns. \u00a0Alle Namen jetzt hier aufzulisten w\u00e4re zu lang und es w\u00fcrde bestimmt jemand vergessen und das m\u00f6chte die \u201eZwote\u201c nicht. Also sagen wir D A N K E, DANKE, DANKE !!! (-ts)<\/p>\n","protected":false},"excerpt":{"rendered":"<p>Samstagnachmittag in Wersten. Die Sonne scheint, die Halle ist erfreulich wohl temperiert und die Mannschaften, incl. Schiedsrichter, laufen sich warm. Eigentlich optimale Bedingungen, um am letzten Spieltag einer langen Saison ein entspanntes Spiel zu sehen. Zuschauer auf den R\u00e4ngen liegen sich freudestrahlend in den Armen und fangen bereits mit der  [&#8230;]<\/p>\n","protected":false},"author":24,"featured_media":4682,"comment_status":"closed","ping_status":"open","sticky":false,"template":"","format":"standard","meta":{"ngg_post_thumbnail":0,"jetpack_post_was_ever_published":false,"_jetpack_newsletter_access":"","_jetpack_dont_email_post_to_subs":false,"_jetpack_newsletter_tier_id":0,"_jetpack_memberships_contains_paywalled_content":false,"_jetpack_memberships_contains_paid_content":false,"footnotes":"","jetpack_publicize_message":"","jetpack_publicize_feature_enabled":true,"jetpack_social_post_already_shared":true,"jetpack_social_options":{"image_generator_settings":{"template":"highway","default_image_id":0,"font":"","enabled":false},"version":2}},"categories":[11,1],"tags":[],"class_list":["post-4678","post","type-post","status-publish","format-standard","has-post-thumbnail","hentry","category-2-herren","category-allgemein"],"jetpack_publicize_connections":[],"jetpack_featured_media_url":"https:\/\/www.handballratingen.de\/wp\/wp-content\/uploads\/2015\/05\/20150502_Wersten_TVR_2M.jpg","jetpack_sharing_enabled":true,"jetpack_shortlink":"https:\/\/wp.me\/p4Z74q-1ds","_links":{"self":[{"href":"https:\/\/www.handballratingen.de\/wp\/index.php?rest_route=\/wp\/v2\/posts\/4678","targetHints":{"allow":["GET"]}}],"collection":[{"href":"https:\/\/www.handballratingen.de\/wp\/index.php?rest_route=\/wp\/v2\/posts"}],"about":[{"href":"https:\/\/www.handballratingen.de\/wp\/index.php?rest_route=\/wp\/v2\/types\/post"}],"author":[{"embeddable":true,"href":"https:\/\/www.handballratingen.de\/wp\/index.php?rest_route=\/wp\/v2\/users\/24"}],"replies":[{"embeddable":true,"href":"https:\/\/www.handballratingen.de\/wp\/index.php?rest_route=%2Fwp%2Fv2%2Fcomments&post=4678"}],"version-history":[{"count":4,"href":"https:\/\/www.handballratingen.de\/wp\/index.php?rest_route=\/wp\/v2\/posts\/4678\/revisions"}],"predecessor-version":[{"id":4684,"href":"https:\/\/www.handballratingen.de\/wp\/index.php?rest_route=\/wp\/v2\/posts\/4678\/revisions\/4684"}],"wp:featuredmedia":[{"embeddable":true,"href":"https:\/\/www.handballratingen.de\/wp\/index.php?rest_route=\/wp\/v2\/media\/4682"}],"wp:attachment":[{"href":"https:\/\/www.handballratingen.de\/wp\/index.php?rest_route=%2Fwp%2Fv2%2Fmedia&parent=4678"}],"wp:term":[{"taxonomy":"category","embeddable":true,"href":"https:\/\/www.handballratingen.de\/wp\/index.php?rest_route=%2Fwp%2Fv2%2Fcategories&post=4678"},{"taxonomy":"post_tag","embeddable":true,"href":"https:\/\/www.handballratingen.de\/wp\/index.php?rest_route=%2Fwp%2Fv2%2Ftags&post=4678"}],"curies":[{"name":"wp","href":"https:\/\/api.w.org\/{rel}","templated":true}]}}