{"id":4697,"date":"2015-05-08T11:34:47","date_gmt":"2015-05-08T10:34:47","guid":{"rendered":"http:\/\/handballratingen.de\/wp\/?p=4697"},"modified":"2019-02-21T13:46:53","modified_gmt":"2019-02-21T12:46:53","slug":"die-erste-will-zum-saisonabschluss-in-langenfeld-nochmal-doppelt-punkten","status":"publish","type":"post","link":"https:\/\/www.handballratingen.de\/wp\/?p=4697","title":{"rendered":"Die Erste will zum Saisonabschluss in Langenfeld noch einmal doppelt punkten"},"content":{"rendered":"<div class=\"fusion-fullwidth fullwidth-box fusion-builder-row-1 hundred-percent-fullwidth non-hundred-percent-height-scrolling\" style=\"--awb-border-radius-top-left:0px;--awb-border-radius-top-right:0px;--awb-border-radius-bottom-right:0px;--awb-border-radius-bottom-left:0px;--awb-overflow:visible;--awb-flex-wrap:wrap;\" ><div class=\"fusion-builder-row fusion-row\"><div class=\"fusion-layout-column fusion_builder_column fusion-builder-column-0 fusion_builder_column_1_1 1_1 fusion-one-full fusion-column-first fusion-column-last fusion-column-no-min-height\" style=\"--awb-bg-size:cover;--awb-margin-bottom:0px;\"><div class=\"fusion-column-wrapper fusion-flex-column-wrapper-legacy\"><div id=\"attachment_4576\" style=\"width: 310px\" class=\"wp-caption alignleft\"><a href=\"http:\/\/handballratingen.de\/wp\/wp-content\/uploads\/2013\/09\/DSC_5898_bearbeitet.jpg\"><img decoding=\"async\" aria-describedby=\"caption-attachment-4576\" class=\"wp-image-4576 size-medium\" src=\"http:\/\/handballratingen.de\/wp\/wp-content\/uploads\/2013\/09\/DSC_5898_bearbeitet-300x178.jpg\" alt=\"1H 1M Mannschaftsfoto\" width=\"300\" height=\"178\" srcset=\"https:\/\/www.handballratingen.de\/wp\/wp-content\/uploads\/2013\/09\/DSC_5898_bearbeitet-300x178.jpg 300w, https:\/\/www.handballratingen.de\/wp\/wp-content\/uploads\/2013\/09\/DSC_5898_bearbeitet-1024x606.jpg 1024w, https:\/\/www.handballratingen.de\/wp\/wp-content\/uploads\/2013\/09\/DSC_5898_bearbeitet.jpg 2610w\" sizes=\"(max-width: 300px) 100vw, 300px\" \/><\/a><p id=\"caption-attachment-4576\" class=\"wp-caption-text\">Saisonabschluss in Langenberg: Mit fast vollst\u00e4ndigem Kader will die erste Herrenmannschaft ihre gute Form der letzten Spiele mit einem Ausw\u00e4rtssieg best\u00e4tigen.<\/p><\/div>\n<p>Zuletzt pr\u00e4sentierte sich unsere Erste in den Spielen gegen die Spitzenteams aus Wuppertal und Mettmann in hervorragender Verfassung. Sicherlich resultiert die gute Form auch aus dem noch zu Saisonende breit besetzten Kader und der weiterhin guten Trainingsbeteiligung. Leider wurden die jeweils vorz\u00fcglichen Leistungen der Gr\u00fcn-Wei\u00dfen beide Male nicht belohnt und die Spiele knapp verloren. Im letzten Saisonspiel am Samstagabend um 18:30 Uhr in der Sporthalle des Konrad-Adenauer-Gymnasiums gegen die Zweitvertretung der SG Langenfeld soll zum Abschluss deswegen ein Sieg her. Dieser w\u00fcrde die erfreuliche Saison, die unabh\u00e4ngig vom Ausgang des Spiels auf dem achten Tabellenplatz beendet wird, abrunden.<\/p>\n<p>Dass dies nicht unm\u00f6glich ist, zeigen die zuletzt gezeigten Auftritte der Gastgeber. \u00c4hnlich wie der TVR haben die jungen Langenfelder bis zur Saisonmitte in der Spitzengruppe mitgemischt. Als Aufsteiger eine beachtliche Leistung. Unter anderem sorgte das Verletzungspech daf\u00fcr, dass zuletzt nicht mehr allzu viel auf der Habenseite verbucht werden konnte. In den letzten vergangenen acht Spielen konnte die SGL II nur einmal gewinnen und das gegen das abgeschlagene Schlusslicht Solinger TB. Es erscheint fast ein wenig so, als h\u00e4tten die Langenfelder die f\u00fcr einen Aufsteiger erfolgreiche Saison bereits abgehakt.<\/p>\n<p>Davon wird sich der TVR jedoch nicht t\u00e4uschen lassen. Vielmehr will man, wie in den letzten beiden Spielen bereits praktiziert, mit einer starken Abwehrleistung aufwarten und die jungen Langenfelder unruhig werden lassen. Das Angriffsspiel wusste in den Vorwochen ebenfalls zu gefallen, jedoch war die Chancenauswertung nur unbefriedigend und muss unbedingt verbessert werden, will man aus Langenfeld den avisierten doppelten Punktgewinn mitnehmen. Fehlen werden Coach Ralf Trimborn dabei weiterhin Bj\u00f6rn Jochems (Schulter) und Raban Hoffmann (Fu\u00df). Jochems, der in der Vorwoche am Europaring bereits verabschiedet wurde, wird demnach nicht mehr im Trikot der Ersten auflaufen. Dem Ratinger Urgestein gilt es f\u00fcr die jahrelange Treue und Einsatzbereitschaft herzlich zu danken. In der kommenden Saison darf sich die zweite Mannschaft \u00fcber seine Wurfgewalt freuen. Gerne h\u00e4tte ihn Coach Trimborn noch einmal gebracht, so muss die Revanche f\u00fcr die 31:36 Hinspielniederlage ohne ihn gelingen. (-nv)<\/p>\n<p><strong>Tabellensituation<\/strong><\/p>\n<p><strong>TVR\u00a0\u00a0\u00a0\u00a0\u00a0\u00a0\u00a0 <\/strong>8. Platz mit 21:25 Punkten und 656-703 Toren<\/p>\n<p><strong>SGL II\u00a0\u00a0\u00a0 <\/strong>6. Platz mit 26:20 Punkten und 712-674 Toren<\/p>\n<p><strong>Letzte f\u00fcnf Spiele<\/strong><\/p>\n<p><strong>TVR\u00a0\u00a0\u00a0\u00a0\u00a0\u00a0\u00a0 <\/strong>N-N-S-N-N<\/p>\n<p><strong>SGL II<\/strong>\u00a0\u00a0\u00a0 N-S-N-N-N<\/p>\n<p><strong>Hinspiel TVR \u2013 SGL II<\/strong> 31:36<div class=\"fusion-clearfix\"><\/div><\/div><\/div><\/div><\/div>\n","protected":false},"excerpt":{"rendered":"","protected":false},"author":24,"featured_media":0,"comment_status":"closed","ping_status":"open","sticky":false,"template":"","format":"standard","meta":{"ngg_post_thumbnail":0,"jetpack_post_was_ever_published":false,"_jetpack_newsletter_access":"","_jetpack_dont_email_post_to_subs":false,"_jetpack_newsletter_tier_id":0,"_jetpack_memberships_contains_paywalled_content":false,"_jetpack_memberships_contains_paid_content":false,"footnotes":"","jetpack_publicize_message":"","jetpack_publicize_feature_enabled":true,"jetpack_social_post_already_shared":true,"jetpack_social_options":{"image_generator_settings":{"template":"highway","default_image_id":0,"font":"","enabled":false},"version":2}},"categories":[9,1],"tags":[],"class_list":["post-4697","post","type-post","status-publish","format-standard","hentry","category-1-herren","category-allgemein"],"jetpack_publicize_connections":[],"jetpack_featured_media_url":"","jetpack_sharing_enabled":true,"jetpack_shortlink":"https:\/\/wp.me\/p4Z74q-1dL","_links":{"self":[{"href":"https:\/\/www.handballratingen.de\/wp\/index.php?rest_route=\/wp\/v2\/posts\/4697","targetHints":{"allow":["GET"]}}],"collection":[{"href":"https:\/\/www.handballratingen.de\/wp\/index.php?rest_route=\/wp\/v2\/posts"}],"about":[{"href":"https:\/\/www.handballratingen.de\/wp\/index.php?rest_route=\/wp\/v2\/types\/post"}],"author":[{"embeddable":true,"href":"https:\/\/www.handballratingen.de\/wp\/index.php?rest_route=\/wp\/v2\/users\/24"}],"replies":[{"embeddable":true,"href":"https:\/\/www.handballratingen.de\/wp\/index.php?rest_route=%2Fwp%2Fv2%2Fcomments&post=4697"}],"version-history":[{"count":4,"href":"https:\/\/www.handballratingen.de\/wp\/index.php?rest_route=\/wp\/v2\/posts\/4697\/revisions"}],"predecessor-version":[{"id":14012,"href":"https:\/\/www.handballratingen.de\/wp\/index.php?rest_route=\/wp\/v2\/posts\/4697\/revisions\/14012"}],"wp:attachment":[{"href":"https:\/\/www.handballratingen.de\/wp\/index.php?rest_route=%2Fwp%2Fv2%2Fmedia&parent=4697"}],"wp:term":[{"taxonomy":"category","embeddable":true,"href":"https:\/\/www.handballratingen.de\/wp\/index.php?rest_route=%2Fwp%2Fv2%2Fcategories&post=4697"},{"taxonomy":"post_tag","embeddable":true,"href":"https:\/\/www.handballratingen.de\/wp\/index.php?rest_route=%2Fwp%2Fv2%2Ftags&post=4697"}],"curies":[{"name":"wp","href":"https:\/\/api.w.org\/{rel}","templated":true}]}}