{"id":4865,"date":"2015-06-15T10:45:41","date_gmt":"2015-06-15T09:45:41","guid":{"rendered":"http:\/\/handballratingen.de\/wp\/?p=4865"},"modified":"2019-02-21T13:46:52","modified_gmt":"2019-02-21T12:46:52","slug":"b-jugend-loest-das-ticket-fuer-die-verbandsliga","status":"publish","type":"post","link":"https:\/\/www.handballratingen.de\/wp\/?p=4865","title":{"rendered":"B-Jugend l\u00f6st das Ticket f\u00fcr die Verbandsliga"},"content":{"rendered":"<p>Gro\u00dfer Jubel bei der B-Jugend des TV Ratingen am gestrigen Sonntag nachmittag in der Halle in Nettetal-Kaldenkirchen: Mit zwei Siegen bei nur einer Niederlage l\u00f6ste das Team von Trainer Stefan Oberwinster das Ticket f\u00fcr die Verbandsliga 2015\/16 und freut sich ab sofort auf die Begegnungen mit neun anderen Mannschaften aus dem Handballverband Niederrhein.<\/p>\n<p>Dabei standen die Vorzeichen f\u00fcr diese Abschluss-Qualifikation gar nicht so gut. In der vorangegangenen Phase hatte die Mannschaft durch vermeidbare Niederlagen gegen <a href=\"http:\/\/handballratingen.de\/wp\/?p=4821\">Biesel<\/a> und <a href=\"http:\/\/handballratingen.de\/wp\/?p=4835\">Schermbeck<\/a> die direkte Verbandsligaqualifikation verpasst. Zudem wurde wenige Tage vor Turnierbeginn noch die Gruppeneinteilung ge\u00e4ndert, so dass nunmehr die als spielstark eingesch\u00e4tzte VT Kempen mit in der Ratinger Gruppe vertreten war. Der Modus war einfach: Zwei Vierergruppen spielten um vier Pl\u00e4tze in der Verbandsliga im Modus jeder gegen jeden mit einer Spielzeit von 25 Minuten; die beiden Erstplatzierten jeder Gruppe sind f\u00fcr die Verbandsliga qualifiziert.<\/p>\n<p>Im ersten Gruppenspiel ging es f\u00fcr den TV ausgerechnet gegen die VT Kempen. In der Schlu\u00dfabrechnung sollte dieses Spiel bereits das entscheidende Gruppenspiel sein. Der TV besiegte die \u00fcberraschten Kempener knapp mit 14:13. Ausschlaggeben f\u00fcr diesen in der Halle viel beachteten Sieg war eine kompakte Abwehrarbeit, die an die Leistungen in der Kreisqualifikation ankn\u00fcpfte, sowie vorne neben der beherzten Teamleistung die individuelle St\u00e4rke einiger Spieler. Henning und Niklas sorgten f\u00fcr insgesamt f\u00fcnf Tore aus dem R\u00fcckraum, und Lucas am Kreis netzte f\u00fcnf Anspiele ein und erzwang zwei weitere Siebenmeter, die Niklas nervenstark verwandelte.<\/p>\n<div class=\"fusion-fullwidth fullwidth-box fusion-builder-row-1 hundred-percent-fullwidth non-hundred-percent-height-scrolling\" style=\"--awb-border-radius-top-left:0px;--awb-border-radius-top-right:0px;--awb-border-radius-bottom-right:0px;--awb-border-radius-bottom-left:0px;--awb-overflow:visible;--awb-flex-wrap:wrap;\" ><div class=\"fusion-builder-row fusion-row\"><div class=\"fusion-layout-column fusion_builder_column fusion-builder-column-0 fusion_builder_column_1_1 1_1 fusion-one-full fusion-column-first fusion-column-last fusion-column-no-min-height\" style=\"--awb-bg-size:cover;--awb-margin-bottom:0px;\"><div class=\"fusion-column-wrapper fusion-flex-column-wrapper-legacy\"><div id=\"attachment_3429\" style=\"width: 310px\" class=\"wp-caption alignleft\"><a href=\"http:\/\/handballratingen.de\/wp\/wp-content\/uploads\/2013\/09\/Stefan-Oberwinster_Trainer.jpg\"><img decoding=\"async\" aria-describedby=\"caption-attachment-3429\" class=\"wp-image-3429 size-medium\" src=\"http:\/\/handballratingen.de\/wp\/wp-content\/uploads\/2013\/09\/Stefan-Oberwinster_Trainer-300x199.jpg\" alt=\"Stefan Oberwinster_Trainer\" width=\"300\" height=\"199\" srcset=\"https:\/\/www.handballratingen.de\/wp\/wp-content\/uploads\/2013\/09\/Stefan-Oberwinster_Trainer-300x199.jpg 300w, https:\/\/www.handballratingen.de\/wp\/wp-content\/uploads\/2013\/09\/Stefan-Oberwinster_Trainer-1024x680.jpg 1024w, https:\/\/www.handballratingen.de\/wp\/wp-content\/uploads\/2013\/09\/Stefan-Oberwinster_Trainer.jpg 3000w\" sizes=\"(max-width: 300px) 100vw, 300px\" \/><\/a><p id=\"caption-attachment-3429\" class=\"wp-caption-text\">Trainer Stefan Oberwinster f\u00fchrt sein Team in die Verbandsliga.<\/p><\/div>\n<p>Im zweiten Spiel stand der sp\u00e4tere Gruppensieger HSG Velbert\/Heiligenhaus als Gegner auf der Platte. Die HSG war k\u00f6rperlich deutlich \u00fcberlegen und dominierte die Partie von Anfang an. Trotzdem gelang des dem TV, die Niederlage mit 10:14 in Grenzen zu halten. Hier gilt ein gro\u00dfes Lob den in der zweiten Spielphase eingewechselten Spielern, die sich erfolgreich gegen eine hohe Niederlage stemmten und somit bewiesen, dass auch auf die Bank in diesem Turnier Verlass war.<\/p>\n<p>Das dritte Spiel gegen ETB SW Essen B2 war zun\u00e4chst von rechnerischen \u00dcberlegungen gepr\u00e4gt. Essen hatte bis zu diesem SPiel keinen Punkt einfahren k\u00f6nnen und teilweise hohen Niederlagen kassiert. Bei einem Sieg mit neun Toren oder h\u00f6her w\u00e4re der TV sicher f\u00fcr die Verbandsliga unabh\u00e4ngig vom abschlie\u00dfenden Spiel Kempen gegen Velbert\/Heiligenhaus qualifiziert. Und bis zum 4:1 nach f\u00fcnf Minuten sah auch alles nach Fahrplan aus. Doch dann \u00fcberkam das Team des TV eine Phase kopflosen Anrennens, die schon gegen Biesel und Schermbeck problematisch gewesen war. Essen kam mehrfach auf ein Tor heran, und nur dem TV-Keeper Sebi mit einer in diesem Spiel fast unglaublichen Save-Quote von gesch\u00e4tzten 50 Prozent war es zu verdanken, dass die Ratinger das Spiel mit 17:13 f\u00fcr sich entscheiden konnten. Erschwerend waren in diesem Spiel auch einige Schiedsrichterentscheidungen, die f\u00fcr insgesamt vier Herausstellungen bei den Gr\u00fcnwei\u00dfen sorgten. Zeitweise stemmten sich nur vier Feldspieler gegen die Angriffe der Essener, doch schlu\u00dfendlich wurde der Sieg dann dank st\u00e4rkerer Physis eingefahren.<\/p>\n<div class=\"fusion-clearfix\"><\/div><\/div><\/div><div class=\"fusion-layout-column fusion_builder_column fusion-builder-column-1 fusion_builder_column_1_1 1_1 fusion-one-full fusion-column-first fusion-column-last fusion-column-no-min-height\" style=\"--awb-bg-size:cover;--awb-margin-bottom:0px;\"><div class=\"fusion-column-wrapper fusion-flex-column-wrapper-legacy\"><div id=\"attachment_4868\" style=\"width: 310px\" class=\"wp-caption alignleft\"><a href=\"http:\/\/handballratingen.de\/wp\/wp-content\/uploads\/2015\/06\/20150614_170126.jpg\"><img decoding=\"async\" aria-describedby=\"caption-attachment-4868\" class=\"wp-image-4868 size-medium\" src=\"http:\/\/handballratingen.de\/wp\/wp-content\/uploads\/2015\/06\/20150614_170126-300x169.jpg\" alt=\"B-Jugend Quali Nettetal Kaldenkirchen\" width=\"300\" height=\"169\" srcset=\"https:\/\/www.handballratingen.de\/wp\/wp-content\/uploads\/2015\/06\/20150614_170126-300x169.jpg 300w, https:\/\/www.handballratingen.de\/wp\/wp-content\/uploads\/2015\/06\/20150614_170126-1024x576.jpg 1024w, https:\/\/www.handballratingen.de\/wp\/wp-content\/uploads\/2015\/06\/20150614_170126.jpg 3264w\" sizes=\"(max-width: 300px) 100vw, 300px\" \/><\/a><p id=\"caption-attachment-4868\" class=\"wp-caption-text\">Mannschaft und Anh\u00e4nger des TV beobachteten beim Spiel zwischen Velbert\/Heiligenhaus und Kempen.<\/p><\/div>\n<p>So richtig freuen konnten sich die Dumeklemmer aber noch nicht, da ihre beiden Siege je nach Ausgang des letzten Spieles von Velbert\/Heiligenhaus gegen Kempen auch wertlos sein k\u00f6nnten. Und so blieb die gesamte Mannschaft einschlie\u00dflich Trainer und Anhang noch eine weitere Stunde in der Halle. Velbert\/Heiligenhaus gab sich aber keine Bl\u00f6\u00dfe und siegte gegen die am Ende ausgelaugt wirkenden Kempener deutlich mit 19:9. Damit stand es fest: Ratingen spielt in der Saison 2015\/16 in der Verbandliga.<\/p>\n<p>Einen gro\u00dfen Gl\u00fcckwunsch von dieser Stelle an die Mannschaft und Trainer Stefan Oberwinster, der seine Jungs \u00fcber die lange Qualifikationsphase motivieren konnte. Ein herzliches Dankesch\u00f6n auch an die Eltern und Fans, die die vielen Fahrten zu den einzelnen Spielen mit begleitet und das Team angefeuert haben. Gl\u00fcckwunsche gehen auch an das Team von HSG Velbert\/Heiligenhaus sowie an TSV Kaldenkirchen und die HSG T\u00f6nisvorst, die sich in der anderen Gruppe qualifiziert haben. Wir freuen uns zusammen auf die Verbandsliga 2015\/16. (-mo)<\/p>\n<p>Es spielten: Sebastian Goetze, Alex Sch\u00e4ffkes, Augustinus K\u00fcnzel (Tor) \u2013 Henning von der Groeben , Lucas Otten, Niklas Hasenklever, Arne von Zedlitz, Cedric Schmidt, Yannik Dumeier, Kimon Hanke, Hendrik Holtmeier, Tobias Demming, Hagen Brueckner (verletzt: Lars Friedrichs)<div class=\"fusion-clearfix\"><\/div><\/div><\/div><\/div><\/div>\n","protected":false},"excerpt":{"rendered":"<p>Gro\u00dfer Jubel bei der B-Jugend des TV Ratingen am gestrigen Sonntag nachmittag in der Halle in Nettetal-Kaldenkirchen: Mit zwei Siegen bei nur einer Niederlage l\u00f6ste das Team von Trainer Stefan Oberwinster das Ticket f\u00fcr die Verbandsliga 2015\/16 und freut sich ab sofort auf die Begegnungen mit neun anderen Mannschaften aus  [&#8230;]<\/p>\n","protected":false},"author":24,"featured_media":4867,"comment_status":"closed","ping_status":"open","sticky":false,"template":"","format":"standard","meta":{"ngg_post_thumbnail":0,"jetpack_post_was_ever_published":false,"_jetpack_newsletter_access":"","_jetpack_dont_email_post_to_subs":false,"_jetpack_newsletter_tier_id":0,"_jetpack_memberships_contains_paywalled_content":false,"_jetpack_memberships_contains_paid_content":false,"footnotes":"","jetpack_publicize_message":"","jetpack_publicize_feature_enabled":true,"jetpack_social_post_already_shared":true,"jetpack_social_options":{"image_generator_settings":{"template":"highway","default_image_id":0,"font":"","enabled":false},"version":2}},"categories":[19],"tags":[],"class_list":["post-4865","post","type-post","status-publish","format-standard","has-post-thumbnail","hentry","category-b-jugend"],"jetpack_publicize_connections":[],"jetpack_featured_media_url":"https:\/\/www.handballratingen.de\/wp\/wp-content\/uploads\/2015\/06\/20150614_hvn_quali_nettetal.jpg","jetpack_sharing_enabled":true,"jetpack_shortlink":"https:\/\/wp.me\/p4Z74q-1gt","_links":{"self":[{"href":"https:\/\/www.handballratingen.de\/wp\/index.php?rest_route=\/wp\/v2\/posts\/4865","targetHints":{"allow":["GET"]}}],"collection":[{"href":"https:\/\/www.handballratingen.de\/wp\/index.php?rest_route=\/wp\/v2\/posts"}],"about":[{"href":"https:\/\/www.handballratingen.de\/wp\/index.php?rest_route=\/wp\/v2\/types\/post"}],"author":[{"embeddable":true,"href":"https:\/\/www.handballratingen.de\/wp\/index.php?rest_route=\/wp\/v2\/users\/24"}],"replies":[{"embeddable":true,"href":"https:\/\/www.handballratingen.de\/wp\/index.php?rest_route=%2Fwp%2Fv2%2Fcomments&post=4865"}],"version-history":[{"count":12,"href":"https:\/\/www.handballratingen.de\/wp\/index.php?rest_route=\/wp\/v2\/posts\/4865\/revisions"}],"predecessor-version":[{"id":14009,"href":"https:\/\/www.handballratingen.de\/wp\/index.php?rest_route=\/wp\/v2\/posts\/4865\/revisions\/14009"}],"wp:featuredmedia":[{"embeddable":true,"href":"https:\/\/www.handballratingen.de\/wp\/index.php?rest_route=\/wp\/v2\/media\/4867"}],"wp:attachment":[{"href":"https:\/\/www.handballratingen.de\/wp\/index.php?rest_route=%2Fwp%2Fv2%2Fmedia&parent=4865"}],"wp:term":[{"taxonomy":"category","embeddable":true,"href":"https:\/\/www.handballratingen.de\/wp\/index.php?rest_route=%2Fwp%2Fv2%2Fcategories&post=4865"},{"taxonomy":"post_tag","embeddable":true,"href":"https:\/\/www.handballratingen.de\/wp\/index.php?rest_route=%2Fwp%2Fv2%2Ftags&post=4865"}],"curies":[{"name":"wp","href":"https:\/\/api.w.org\/{rel}","templated":true}]}}