{"id":5173,"date":"2015-07-26T19:54:07","date_gmt":"2015-07-26T18:54:07","guid":{"rendered":"http:\/\/handballratingen.de\/wp\/?p=5173"},"modified":"2019-02-21T13:46:52","modified_gmt":"2019-02-21T12:46:52","slug":"neue-spieler-bei-den-ersten-herren-joerg-schomburg-und-jonas-gorris","status":"publish","type":"post","link":"https:\/\/www.handballratingen.de\/wp\/?p=5173","title":{"rendered":"Neue Spieler bei den ersten Herren (I): J\u00f6rg Schomburg und Jonas Gorris"},"content":{"rendered":"<p>Gleich f\u00fcnf neue Spieler weist der Kader der ersten Herrenmannschaft f\u00fcr die kommende Spielzeit 2015\/16 in der Verbandsliga auf, und das nicht ohne Grund, gilt es doch einige Abg\u00e4nge der vergangenen Saison auszugleichen und gleichzeitig ein starkes Team an den Start zu bringen, das im oberen Bereich der Verbandsliga mitspielen kann. Wir beginnen die Vorstellung der neuen Spieler mit den Neuzug\u00e4ngen J\u00f6rg Schomburg und Jonas Gorris, beide aktuell wohnhaft in D\u00fcsseldorf.<\/p>\n<div class=\"fusion-fullwidth fullwidth-box fusion-builder-row-1 hundred-percent-fullwidth non-hundred-percent-height-scrolling\" style=\"--awb-border-radius-top-left:0px;--awb-border-radius-top-right:0px;--awb-border-radius-bottom-right:0px;--awb-border-radius-bottom-left:0px;--awb-overflow:visible;--awb-flex-wrap:wrap;\" ><div class=\"fusion-builder-row fusion-row\"><div class=\"fusion-layout-column fusion_builder_column fusion-builder-column-0 fusion_builder_column_1_1 1_1 fusion-one-full fusion-column-first fusion-column-last fusion-column-no-min-height\" style=\"--awb-bg-size:cover;--awb-margin-bottom:0px;\"><div class=\"fusion-column-wrapper fusion-flex-column-wrapper-legacy\"><div id=\"attachment_5179\" style=\"width: 235px\" class=\"wp-caption alignleft\"><a href=\"http:\/\/handballratingen.de\/wp\/wp-content\/uploads\/2015\/07\/2015-07-20-22.17.581.jpg\"><img decoding=\"async\" aria-describedby=\"caption-attachment-5179\" class=\"wp-image-5179 size-medium\" src=\"http:\/\/handballratingen.de\/wp\/wp-content\/uploads\/2015\/07\/2015-07-20-22.17.581-225x300.jpg\" alt=\"J\u00f6rg Schomburg 1M 1H\" width=\"225\" height=\"300\" srcset=\"https:\/\/www.handballratingen.de\/wp\/wp-content\/uploads\/2015\/07\/2015-07-20-22.17.581-225x300.jpg 225w, https:\/\/www.handballratingen.de\/wp\/wp-content\/uploads\/2015\/07\/2015-07-20-22.17.581-769x1024.jpg 769w, https:\/\/www.handballratingen.de\/wp\/wp-content\/uploads\/2015\/07\/2015-07-20-22.17.581.jpg 1526w\" sizes=\"(max-width: 225px) 100vw, 225px\" \/><\/a><p id=\"caption-attachment-5179\" class=\"wp-caption-text\">J\u00f6rg Schomburg<\/p><\/div>\n<p><strong>J\u00f6rg Schomburg<\/strong>, Jahrgang 1983, begann seine Handballkarriere in jungen Jahren bei HSV Eintracht Recklinghausen, wo er auch vor seinem Wechsel zum TV Ratingen in der Oberliga und Verbandsliga Handball gespielt hat. Weitere sportliche Stationen waren der PSV Recklinghausen und der VfL Gladbeck, mit dem er in die dritte Bundesliga aufgestiegen ist. Im Angriff besetzt der erfahrene Handballer am liebsten die Mittelposition im R\u00fcckraum und will vor dort aus Druck in die Angriffe der Gr\u00fcn-Wei\u00dfen bringen. Neben allen sportlichen Zielen f\u00fcr die kommende Spielzeit w\u00fcnscht sich der 32j\u00e4hrige auch viel Spa\u00df in einem intakten Verbandsligateam.<\/p>\n<div class=\"fusion-clearfix\"><\/div><\/div><\/div><div class=\"fusion-layout-column fusion_builder_column fusion-builder-column-1 fusion_builder_column_1_1 1_1 fusion-one-full fusion-column-first fusion-column-last fusion-column-no-min-height\" style=\"--awb-bg-size:cover;--awb-margin-bottom:0px;\"><div class=\"fusion-column-wrapper fusion-flex-column-wrapper-legacy\"><div id=\"attachment_5177\" style=\"width: 235px\" class=\"wp-caption alignright\"><a href=\"http:\/\/handballratingen.de\/wp\/wp-content\/uploads\/2015\/07\/2015-07-20-22.19.47.jpg\"><img decoding=\"async\" aria-describedby=\"caption-attachment-5177\" class=\"wp-image-5177 size-medium\" src=\"http:\/\/handballratingen.de\/wp\/wp-content\/uploads\/2015\/07\/2015-07-20-22.19.47-225x300.jpg\" alt=\"2015-07-20 22.19.47\" width=\"225\" height=\"300\" srcset=\"https:\/\/www.handballratingen.de\/wp\/wp-content\/uploads\/2015\/07\/2015-07-20-22.19.47-225x300.jpg 225w, https:\/\/www.handballratingen.de\/wp\/wp-content\/uploads\/2015\/07\/2015-07-20-22.19.47-767x1024.jpg 767w, https:\/\/www.handballratingen.de\/wp\/wp-content\/uploads\/2015\/07\/2015-07-20-22.19.47.jpg 1581w\" sizes=\"(max-width: 225px) 100vw, 225px\" \/><\/a><p id=\"caption-attachment-5177\" class=\"wp-caption-text\">Jonas Gorris<\/p><\/div>\n<p>Die zweite Neuvorstellung, <strong>Jonas Gorris<\/strong>, war zwischen 2010 und 2012 bereits im Trikot der Gr\u00fcn-Wei\u00dfen aktiv, bevor er zur HSG Wesel wechselte und dort zuletzt in der Verbandsliga spielte. Der 28j\u00e4hrige kann auf den Angriffspositionen Mitte und rechts im R\u00fcckraum und hinten im Abwehrzentrum auf der Mittel- und Halbposition eingesetzt werden. Vor seiner Zeit in Ratingen und Wesel war Gorris 2006 bis 2010 beim holl\u00e4ndischen Zweitligisten White Demons Tilburg aktiv, wo er zweimal knapp den Aufstieg in die Ehrendivision verpasste. Die Ziele f\u00fcr die nunmehr anstehende Spielzeit setzt er mit Platz 1 bis 3 der Verbandsliga ehrgeizig an, er ist halt, wie er selbst sagt, ein &#8222;gnadenloser Optimist&#8220;.<\/p>\n<p>Wir w\u00fcnschen beiden Spielern einen guten Start im Team und der gesamten Mannschaft den erhofften sportlichen Erfolg. Die weiteren neuen Spieler werden wir in K\u00fcrze vorstellen. (-mo)<div class=\"fusion-clearfix\"><\/div><\/div><\/div><\/div><\/div>\n","protected":false},"excerpt":{"rendered":"<p>Gleich f\u00fcnf neue Spieler weist der Kader der ersten Herrenmannschaft f\u00fcr die kommende Spielzeit 2015\/16 in der Verbandsliga auf, und das nicht ohne Grund, gilt es doch einige Abg\u00e4nge der vergangenen Saison auszugleichen und gleichzeitig ein starkes Team an den Start zu bringen, das im oberen Bereich der Verbandsliga mitspielen  [&#8230;]<\/p>\n","protected":false},"author":24,"featured_media":5185,"comment_status":"closed","ping_status":"open","sticky":false,"template":"","format":"standard","meta":{"ngg_post_thumbnail":0,"jetpack_post_was_ever_published":false,"_jetpack_newsletter_access":"","_jetpack_dont_email_post_to_subs":false,"_jetpack_newsletter_tier_id":0,"_jetpack_memberships_contains_paywalled_content":false,"_jetpack_memberships_contains_paid_content":false,"footnotes":"","jetpack_publicize_message":"","jetpack_publicize_feature_enabled":true,"jetpack_social_post_already_shared":true,"jetpack_social_options":{"image_generator_settings":{"template":"highway","default_image_id":0,"font":"","enabled":false},"version":2}},"categories":[9],"tags":[],"class_list":["post-5173","post","type-post","status-publish","format-standard","has-post-thumbnail","hentry","category-1-herren"],"jetpack_publicize_connections":[],"jetpack_featured_media_url":"https:\/\/www.handballratingen.de\/wp\/wp-content\/uploads\/2015\/07\/20150720_221540_1M_Trainingsauftakt_old.jpg","jetpack_sharing_enabled":true,"jetpack_shortlink":"https:\/\/wp.me\/p4Z74q-1lr","_links":{"self":[{"href":"https:\/\/www.handballratingen.de\/wp\/index.php?rest_route=\/wp\/v2\/posts\/5173","targetHints":{"allow":["GET"]}}],"collection":[{"href":"https:\/\/www.handballratingen.de\/wp\/index.php?rest_route=\/wp\/v2\/posts"}],"about":[{"href":"https:\/\/www.handballratingen.de\/wp\/index.php?rest_route=\/wp\/v2\/types\/post"}],"author":[{"embeddable":true,"href":"https:\/\/www.handballratingen.de\/wp\/index.php?rest_route=\/wp\/v2\/users\/24"}],"replies":[{"embeddable":true,"href":"https:\/\/www.handballratingen.de\/wp\/index.php?rest_route=%2Fwp%2Fv2%2Fcomments&post=5173"}],"version-history":[{"count":10,"href":"https:\/\/www.handballratingen.de\/wp\/index.php?rest_route=\/wp\/v2\/posts\/5173\/revisions"}],"predecessor-version":[{"id":14008,"href":"https:\/\/www.handballratingen.de\/wp\/index.php?rest_route=\/wp\/v2\/posts\/5173\/revisions\/14008"}],"wp:featuredmedia":[{"embeddable":true,"href":"https:\/\/www.handballratingen.de\/wp\/index.php?rest_route=\/wp\/v2\/media\/5185"}],"wp:attachment":[{"href":"https:\/\/www.handballratingen.de\/wp\/index.php?rest_route=%2Fwp%2Fv2%2Fmedia&parent=5173"}],"wp:term":[{"taxonomy":"category","embeddable":true,"href":"https:\/\/www.handballratingen.de\/wp\/index.php?rest_route=%2Fwp%2Fv2%2Fcategories&post=5173"},{"taxonomy":"post_tag","embeddable":true,"href":"https:\/\/www.handballratingen.de\/wp\/index.php?rest_route=%2Fwp%2Fv2%2Ftags&post=5173"}],"curies":[{"name":"wp","href":"https:\/\/api.w.org\/{rel}","templated":true}]}}