{"id":5315,"date":"2015-08-22T19:22:35","date_gmt":"2015-08-22T18:22:35","guid":{"rendered":"http:\/\/handballratingen.de\/wp\/?p=5315"},"modified":"2019-02-21T13:46:52","modified_gmt":"2019-02-21T12:46:52","slug":"e-jugend-belegt-die-plaetze-zwei-und-fuenf-beim-turnier-in-erkrath","status":"publish","type":"post","link":"https:\/\/www.handballratingen.de\/wp\/?p=5315","title":{"rendered":"E-Jugend belegt die Pl\u00e4tze zwei und f\u00fcnf beim Turnier in Erkrath"},"content":{"rendered":"<p>Wieder ein sehr erfolgreiches Turnier f\u00fcr die E-Jugend des TV Ratingen: Beim hervorragend organisierten Wettkampf des TuS Erkrath belegte das jahrgangs\u00e4ltere Team am heutigen Samstag den zweiten Platz und mussten sich nur dem Ausrichter TuS Erkrath I geschlagen geben; unser jahrgangsj\u00fcngeres Team wurde sehr guter F\u00fcnfter in einem Teilnehmerfeld von acht Mannschaften.<\/p>\n<p>Angereist war die Truppe vom Trainerteam Jan-Phillip Czernitzky und Christina Wasse zun\u00e4chst nur mit einer Teammeldung. Weil aber kurzfristig ein Platz im Teilnehmerfeld durch eine Absage nicht besetzt werden konnte und der TV mit insgesamt 17 Spielerinnen und Spielern angereist war, wurden daraus spontan zwei Jahrsgangsmannschaften, die dann als E1 und E2 das Turniergeschehen bestritten. So kamen alle Kinder zu vollen Einsatzzeiten. Auch hierf\u00fcr ein Dank an die Flexibilit\u00e4t des Veranstalters, der zuvor schon auf sieben Mannschaften umgeplant hatte und anschlie\u00dfend wieder den 8-Mannschaften-Modus aufnahm. Gespielt wurde also dann wie urspr\u00fcnglich geplant in zwei Gruppen je zu je vier Mannschaften mit anschlie\u00dfenden Platzierungsspielen. Die Spielzeit je Spiel war mit zw\u00f6lf Minuten ausgeschrieben.<\/p>\n<p>In Gruppe eins traf unsere E1 auf Erkrath I, DJK Welper II und die SG Monheim. Das erste Gruppenspiel gegen den Ausrichter ging klar mit 11:1 verloren, die Kinder waren irgendwie noch nicht wach. Nachdem die Spiele gegen Welper II mit 9:3 und die SG Monheim mit 6:2 deutlich gewonnen wurden, qualifizierte sich das Team als Tabellenzweiter f\u00fcr die Halbfinalspiele.<\/p>\n<p>In der zweiten Gruppe trafen die jahrgangsj\u00fcngeren Spieler der E2 auf teilweise k\u00f6rperlich deutlich \u00fcberlegene Spieler. Gegen Mettmann-Sport gab es eine 9:2-Niederlage, gegen die DJK Welper I ein unn\u00f6tiges 4:6, nachdem die Mannschaft bereits 4:1 f\u00fchrte. Der erste Turniererfolg wartete dann im dritten Gruppenspiel mit 4:1 gegen TuS Erkrath II; im Ergebnis spielte die Mannschaft dann um die Pl\u00e4tze f\u00fcnf bis acht.<\/p>\n<div class=\"fusion-fullwidth fullwidth-box fusion-builder-row-1 hundred-percent-fullwidth non-hundred-percent-height-scrolling\" style=\"--awb-border-radius-top-left:0px;--awb-border-radius-top-right:0px;--awb-border-radius-bottom-right:0px;--awb-border-radius-bottom-left:0px;--awb-overflow:visible;--awb-flex-wrap:wrap;\" ><div class=\"fusion-builder-row fusion-row\"><div class=\"fusion-layout-column fusion_builder_column fusion-builder-column-0 fusion_builder_column_1_1 1_1 fusion-one-full fusion-column-first fusion-column-last fusion-column-no-min-height\" style=\"--awb-bg-size:cover;--awb-margin-bottom:0px;\"><div class=\"fusion-column-wrapper fusion-flex-column-wrapper-legacy\"><div id=\"attachment_5320\" style=\"width: 1375px\" class=\"wp-caption alignleft\"><a href=\"http:\/\/handballratingen.de\/wp\/wp-content\/uploads\/2015\/08\/20150822_115820-Medium.jpg\"><img decoding=\"async\" aria-describedby=\"caption-attachment-5320\" class=\"wp-image-5320 size-full\" src=\"http:\/\/handballratingen.de\/wp\/wp-content\/uploads\/2015\/08\/20150822_115820-Medium.jpg\" alt=\"20150822_115820 (Medium)\" width=\"1365\" height=\"768\" srcset=\"https:\/\/www.handballratingen.de\/wp\/wp-content\/uploads\/2015\/08\/20150822_115820-Medium-300x169.jpg 300w, https:\/\/www.handballratingen.de\/wp\/wp-content\/uploads\/2015\/08\/20150822_115820-Medium-1024x576.jpg 1024w, https:\/\/www.handballratingen.de\/wp\/wp-content\/uploads\/2015\/08\/20150822_115820-Medium.jpg 1365w\" sizes=\"(max-width: 1365px) 100vw, 1365px\" \/><\/a><p id=\"caption-attachment-5320\" class=\"wp-caption-text\">Mit einem gro\u00dfen Kader war der TV Ratingen nach Erkrath gereist. Durch eine Absage konnten zwei Mannschaften ins Rennen geschickt werden. Dadurch erhielt alle Spieler durchg\u00e4ngig lange Einsatzzeiten.<\/p><\/div>\n<p>Das Halbfinale brachte f\u00fcr die E1 mit einem 10:6 gegen Mettmann Sport die beste Turnierleistung und den Finaleinzug. Im Finale wartete dann wieder der altbekannte Gegner TuS Erkrath I, der auch diese Partie mit 8:3 deutlich f\u00fcr sich entscheiden konnte und verdient Turniersieger wurde. Nat\u00fcrlich gab es erst entt\u00e4uschte Gesichter beim TV, dann aber viel Freude \u00fcber Platz zwei in der Endabrechnung.<\/p>\n<p>Auch f\u00fcr die E2 war das Ausscheidungsspiel um die Platzierungsspiele das Turnierhighlight. Gegen ein k\u00f6rperlich \u00fcberlegenes Team der SG Monheim gewannen die Dumeklemmer sage und schreibe mit 8:0 und zogen so hochverdient in das Spiel um Platz f\u00fcnf ein. Und hier wurde es noch einmal richtig spannend. Gegen die DJK Welper II stand am Ende der zw\u00f6lf Minuten ein 1:1 (!) auf der Anzeigetafel, beide Teams hatten sich im Spiel weitestgehend neutralisiert. Im nachfolgenden Penalty-Werfen waren die Gr\u00fcn-Wei\u00dfen klar \u00fcberlegen und gewannen den Shoot-Out mit 2:0, nachdem beide TVler trafen und der TV-Keeper beide Penalties von Welper hielt. Gro\u00dfe Freude bei Trainern, Mannschaft und Eltern f\u00fcr diesen \u00fcberzeugenden f\u00fcnften Platz.<\/p>\n<p>Neben Handball gab es im Rahmenprogramm f\u00fcr die Mannschaften und Betreuer noch ein Kicker-Turnier und eine Rennserie mit Mini-Rennautos. Auch hier waren die TVler erfolgreich, denn Ben erreichte beim Autorennen den dritten Platz unter allen teilnehmenden Spielerinnen und Spielern.<\/p>\n<p>Ein Gl\u00fcckwunsch an alle Dumeklemmer f\u00fcr die gute Leistung und nochmals einen gro\u00dfen Dank an den Ausrichter f\u00fcr die Turnierorganisation. \u00dcber eine Einladung im n\u00e4chsten Jahr w\u00fcrden wir uns sehr freuen. (-mo)<\/p>\n<div class=\"fusion-clearfix\"><\/div><\/div><\/div><div class=\"fusion-layout-column fusion_builder_column fusion-builder-column-1 fusion_builder_column_1_1 1_1 fusion-one-full fusion-column-first fusion-column-last fusion-column-no-min-height\" style=\"--awb-bg-size:cover;--awb-margin-bottom:0px;\"><div class=\"fusion-column-wrapper fusion-flex-column-wrapper-legacy\"><div id=\"attachment_5321\" style=\"width: 1375px\" class=\"wp-caption alignleft\"><a href=\"http:\/\/handballratingen.de\/wp\/wp-content\/uploads\/2015\/08\/20150822_162906-Medium.jpg\"><img decoding=\"async\" aria-describedby=\"caption-attachment-5321\" class=\"wp-image-5321 size-full\" src=\"http:\/\/handballratingen.de\/wp\/wp-content\/uploads\/2015\/08\/20150822_162906-Medium.jpg\" alt=\"20150822_162906 (Medium)\" width=\"1365\" height=\"768\" srcset=\"https:\/\/www.handballratingen.de\/wp\/wp-content\/uploads\/2015\/08\/20150822_162906-Medium-300x169.jpg 300w, https:\/\/www.handballratingen.de\/wp\/wp-content\/uploads\/2015\/08\/20150822_162906-Medium-1024x576.jpg 1024w, https:\/\/www.handballratingen.de\/wp\/wp-content\/uploads\/2015\/08\/20150822_162906-Medium.jpg 1365w\" sizes=\"(max-width: 1365px) 100vw, 1365px\" \/><\/a><p id=\"caption-attachment-5321\" class=\"wp-caption-text\">Ben (gr\u00fcnes Trikot mit Nr. 10) gewann den dritten Preis beim Autorennen mit Modellautos, ausgerichtet vom Modellautoclub Erkrath. (Fotos: -mo)<\/p><\/div><div class=\"fusion-clearfix\"><\/div><\/div><\/div><\/div><\/div>\n","protected":false},"excerpt":{"rendered":"<p>Wieder ein sehr erfolgreiches Turnier f\u00fcr die E-Jugend des TV Ratingen: Beim hervorragend organisierten Wettkampf des TuS Erkrath belegte das jahrgangs\u00e4ltere Team am heutigen Samstag den zweiten Platz und mussten sich nur dem Ausrichter TuS Erkrath I geschlagen geben; unser jahrgangsj\u00fcngeres Team wurde sehr guter F\u00fcnfter in einem Teilnehmerfeld von  [&#8230;]<\/p>\n","protected":false},"author":24,"featured_media":5316,"comment_status":"closed","ping_status":"open","sticky":false,"template":"","format":"standard","meta":{"ngg_post_thumbnail":0,"jetpack_post_was_ever_published":false,"_jetpack_newsletter_access":"","_jetpack_dont_email_post_to_subs":false,"_jetpack_newsletter_tier_id":0,"_jetpack_memberships_contains_paywalled_content":false,"_jetpack_memberships_contains_paid_content":false,"footnotes":"","jetpack_publicize_message":"","jetpack_publicize_feature_enabled":true,"jetpack_social_post_already_shared":true,"jetpack_social_options":{"image_generator_settings":{"template":"highway","default_image_id":0,"font":"","enabled":false},"version":2}},"categories":[25],"tags":[],"class_list":["post-5315","post","type-post","status-publish","format-standard","has-post-thumbnail","hentry","category-e-jugend"],"jetpack_publicize_connections":[],"jetpack_featured_media_url":"https:\/\/www.handballratingen.de\/wp\/wp-content\/uploads\/2015\/08\/20150822_165612-Medium.jpg","jetpack_sharing_enabled":true,"jetpack_shortlink":"https:\/\/wp.me\/p4Z74q-1nJ","_links":{"self":[{"href":"https:\/\/www.handballratingen.de\/wp\/index.php?rest_route=\/wp\/v2\/posts\/5315","targetHints":{"allow":["GET"]}}],"collection":[{"href":"https:\/\/www.handballratingen.de\/wp\/index.php?rest_route=\/wp\/v2\/posts"}],"about":[{"href":"https:\/\/www.handballratingen.de\/wp\/index.php?rest_route=\/wp\/v2\/types\/post"}],"author":[{"embeddable":true,"href":"https:\/\/www.handballratingen.de\/wp\/index.php?rest_route=\/wp\/v2\/users\/24"}],"replies":[{"embeddable":true,"href":"https:\/\/www.handballratingen.de\/wp\/index.php?rest_route=%2Fwp%2Fv2%2Fcomments&post=5315"}],"version-history":[{"count":12,"href":"https:\/\/www.handballratingen.de\/wp\/index.php?rest_route=\/wp\/v2\/posts\/5315\/revisions"}],"predecessor-version":[{"id":14006,"href":"https:\/\/www.handballratingen.de\/wp\/index.php?rest_route=\/wp\/v2\/posts\/5315\/revisions\/14006"}],"wp:featuredmedia":[{"embeddable":true,"href":"https:\/\/www.handballratingen.de\/wp\/index.php?rest_route=\/wp\/v2\/media\/5316"}],"wp:attachment":[{"href":"https:\/\/www.handballratingen.de\/wp\/index.php?rest_route=%2Fwp%2Fv2%2Fmedia&parent=5315"}],"wp:term":[{"taxonomy":"category","embeddable":true,"href":"https:\/\/www.handballratingen.de\/wp\/index.php?rest_route=%2Fwp%2Fv2%2Fcategories&post=5315"},{"taxonomy":"post_tag","embeddable":true,"href":"https:\/\/www.handballratingen.de\/wp\/index.php?rest_route=%2Fwp%2Fv2%2Ftags&post=5315"}],"curies":[{"name":"wp","href":"https:\/\/api.w.org\/{rel}","templated":true}]}}