{"id":5356,"date":"2015-08-28T09:50:38","date_gmt":"2015-08-28T08:50:38","guid":{"rendered":"http:\/\/handballratingen.de\/wp\/?p=5356"},"modified":"2015-09-03T20:45:38","modified_gmt":"2015-09-03T19:45:38","slug":"eilmeldung-halle-europaring-bis-auf-weiteres-fuer-ballsport-gesperrt","status":"publish","type":"post","link":"https:\/\/www.handballratingen.de\/wp\/?p=5356","title":{"rendered":"+++ Halle Europaring voraussichtlich ab Samstag wieder voll verf\u00fcgbar +++"},"content":{"rendered":"<p><strong>Aktualisierung vom Donnerstag, den 03.09.2015, 18:00 Uhr:<\/strong><\/p>\n<p>Die Deckenarbeiten in der Halle schreiten z\u00fcgig voran, voraussichtlich ist die Halle ab Samstag, den 05.09.2015 wieder uneingeschr\u00e4nkt nutzbar. Die angesetzten Ligaspiele sowie der Tag der Handballjugend am Sonntag finden ohne Einschr\u00e4nkungen statt.<\/p>\n<p><strong>Aktualisierung vom\u00a0 Montag, den 31.08.2015, 15:00 Uhr:<\/strong><\/p>\n<p>Soeben teilt die Stadt Ratingen mit, dass die Decken in der Halle Europaring umgehend in Stand gesetzt werden. Die Arbeiten sollen sehr zeitnah durchgef\u00fchrt und beendet werden, ggf. wenn m\u00f6glich bereits bis zum Ende dieser Woche (04.09.2015). Hierzu nunmehr weitere Hinweis:<\/p>\n<ul>\n<li>Das Training der Jugendmannschaften ist in der Halle zugelassen, sofern bei Ball\u00fcbungen Softb\u00e4lle verwendet werden.<\/li>\n<li>Der <strong>Tag des Jugendhandballs am Sonntag, den 06.09.2015 findet in der Halle auf jeden Fall statt.<\/strong> Auch wenn die Arbeiten bis zum Wochenende noch nicht abgeschlossen sein sollten, werden die Trainer und Mannschaftspaten mit den Mannschaften ein alternatives \u00dcbungsprogramm durchf\u00fchren. Im Anschluss werden dann die Mannschaftsfotos gemacht.<\/li>\n<li>\u00dcber eine m\u00f6gliche Verschiebung oder Ortsverlegung der <strong>am Samstag, den 05.09.2015 stattfindenden Heimspiele der Jugendmannschaften<\/strong> wird aktuell noch beraten.<\/li>\n<\/ul>\n<p>Wir halten Sie informiert.<\/p>\n<p><strong>Nachricht vom Freitag, den 28.08.2015:<\/strong><\/p>\n<p>Soeben meldet die Stadt Ratingen,dass die Halle am Euraparing ab sofort f\u00fcr Ballsportarten gesperrt ist und nicht bis auf Weiteres nicht mehr f\u00fcr Ballspiele genutzt werden kann. Grund sollen laut Aussage der Stadt Sch\u00e4den an der Deckenkonstruktion sein; durch an die Hallendecke springende B\u00e4lle k\u00f6nnten sich Teil der Decke l\u00f6sen und abfallen, so ein aktuell eingegangenes Gutachten.<\/p>\n<p>Das B-Jugend-Verbandsligaspiel am kommenden Sonntag findet um 11 Uhr in der Halle an der Gothaer Stra\u00dfe statt. \u00dcber die weiteren Konsequenzen f\u00fcr den Spiel- und \u00dcbungsbetrieb werden wir an dieser Stelle und auf unserer Facebook-Seite informieren, sobald neue Informationen vorliegen. (-mo)<\/p>\n","protected":false},"excerpt":{"rendered":"<p>Aktualisierung vom Donnerstag, den 03.09.2015, 18:00 Uhr: Die Deckenarbeiten in der Halle schreiten z\u00fcgig voran, voraussichtlich ist die Halle ab Samstag, den 05.09.2015 wieder uneingeschr\u00e4nkt nutzbar. Die angesetzten Ligaspiele sowie der Tag der Handballjugend am Sonntag finden ohne Einschr\u00e4nkungen statt. Aktualisierung vom\u00a0 Montag, den 31.08.2015, 15:00 Uhr: Soeben teilt die  [&#8230;]<\/p>\n","protected":false},"author":24,"featured_media":5357,"comment_status":"closed","ping_status":"open","sticky":false,"template":"","format":"standard","meta":{"ngg_post_thumbnail":0,"jetpack_post_was_ever_published":false,"_jetpack_newsletter_access":"","_jetpack_dont_email_post_to_subs":false,"_jetpack_newsletter_tier_id":0,"_jetpack_memberships_contains_paywalled_content":false,"_jetpack_memberships_contains_paid_content":false,"footnotes":"","jetpack_publicize_message":"","jetpack_publicize_feature_enabled":true,"jetpack_social_post_already_shared":true,"jetpack_social_options":{"image_generator_settings":{"template":"highway","default_image_id":0,"font":"","enabled":false},"version":2}},"categories":[15,9,52,11,13,17,1,19,21,23,25,27,58],"tags":[],"class_list":["post-5356","post","type-post","status-publish","format-standard","has-post-thumbnail","hentry","category-damen","category-1-herren","category-2-damen","category-2-herren","category-3-herren","category-a-jugend","category-allgemein","category-b-jugend","category-c-jugend","category-d-jugend","category-e-jugend","category-f-jugend-2","category-websiteonly"],"jetpack_publicize_connections":[],"jetpack_featured_media_url":"https:\/\/www.handballratingen.de\/wp\/wp-content\/uploads\/2015\/08\/europaring_gesperrt.jpg","jetpack_sharing_enabled":true,"jetpack_shortlink":"https:\/\/wp.me\/p4Z74q-1oo","_links":{"self":[{"href":"https:\/\/www.handballratingen.de\/wp\/index.php?rest_route=\/wp\/v2\/posts\/5356","targetHints":{"allow":["GET"]}}],"collection":[{"href":"https:\/\/www.handballratingen.de\/wp\/index.php?rest_route=\/wp\/v2\/posts"}],"about":[{"href":"https:\/\/www.handballratingen.de\/wp\/index.php?rest_route=\/wp\/v2\/types\/post"}],"author":[{"embeddable":true,"href":"https:\/\/www.handballratingen.de\/wp\/index.php?rest_route=\/wp\/v2\/users\/24"}],"replies":[{"embeddable":true,"href":"https:\/\/www.handballratingen.de\/wp\/index.php?rest_route=%2Fwp%2Fv2%2Fcomments&post=5356"}],"version-history":[{"count":6,"href":"https:\/\/www.handballratingen.de\/wp\/index.php?rest_route=\/wp\/v2\/posts\/5356\/revisions"}],"predecessor-version":[{"id":5437,"href":"https:\/\/www.handballratingen.de\/wp\/index.php?rest_route=\/wp\/v2\/posts\/5356\/revisions\/5437"}],"wp:featuredmedia":[{"embeddable":true,"href":"https:\/\/www.handballratingen.de\/wp\/index.php?rest_route=\/wp\/v2\/media\/5357"}],"wp:attachment":[{"href":"https:\/\/www.handballratingen.de\/wp\/index.php?rest_route=%2Fwp%2Fv2%2Fmedia&parent=5356"}],"wp:term":[{"taxonomy":"category","embeddable":true,"href":"https:\/\/www.handballratingen.de\/wp\/index.php?rest_route=%2Fwp%2Fv2%2Fcategories&post=5356"},{"taxonomy":"post_tag","embeddable":true,"href":"https:\/\/www.handballratingen.de\/wp\/index.php?rest_route=%2Fwp%2Fv2%2Ftags&post=5356"}],"curies":[{"name":"wp","href":"https:\/\/api.w.org\/{rel}","templated":true}]}}