{"id":5460,"date":"2015-09-08T09:02:19","date_gmt":"2015-09-08T08:02:19","guid":{"rendered":"http:\/\/handballratingen.de\/wp\/?p=5460"},"modified":"2015-09-08T23:34:58","modified_gmt":"2015-09-08T22:34:58","slug":"ein-voller-erfolg-ueber-100-aktive-beim-tag-des-jugendhandballs-am-europaring","status":"publish","type":"post","link":"https:\/\/www.handballratingen.de\/wp\/?p=5460","title":{"rendered":"Ein voller Erfolg: \u00dcber 100 Aktive beim Tag der Handballjugend am Europaring"},"content":{"rendered":"<p>Zum &#8222;Tag der Handballjugend&#8220; hatte die Handballabteilung des TV Ratingen am vergangenen Sonntag ihre Kinder- und Jugendmannschaften von der F-Jugend bis zur A-Jugend in die Halle am Europaring eingeladen. Mehr als 100 Spielerinnen und Spieler aller Altersklassen nutzten getreu dem Abteilungsmotto &#8222;Mit Tradition in die Zukunft&#8220; die Gelegenheit, zusammen mit ihren Trainingspaten aus der ersten Herrenmannschaft \u00dcbungseinheiten und Trainingsspiele gegeneinander zu absolvieren.<\/p>\n<p>Die J\u00fcngsten aus der F- und E-Jugend begeisterte zum Auftakt am Vormittag, mit gestandenen Verbandsligaspielern einen Koordinationsparcours zu absolvieren und kleine Ballspiele durchzuf\u00fchren. Auch das Spiel der jahrgangsj\u00fcngeren gegen die jahrgangs\u00e4lteren Mannschaften war seit Tagen bei den Kindern Gespr\u00e4chsthema Nummer eins. Mit welchem Engagement sie trainiert haben, zeigt sicherlich die Aussage der Trainingsverantwortlichen am besten: \u201eAuch bei den langen 30-Minuten-Einheiten waren alle mit Feuereifer bei der Sache\u201c.<\/p>\n<p>F\u00fcr die \u00e4lteren Spielerinnen und Spieler ab der D-Jugend standen die individuellen \u00dcbungseinheiten im Mittelpunkt der Trainingssession. Hier nahmen sich die Mannschaftspaten bestimmte Aspekte des Spiels gezielt vor und gaben Tipps und Tricks aus ihrem Trainingsalltag an die Youngster weiter; ab dem B-Jugend-Bereich wurden positionsindividuelle \u00dcbungen vom Torwart bis zum Kreisl\u00e4ufer angeboten.<\/p>\n<p>Neben den \u00dcbungseinheiten war ein weiterer H\u00f6hepunkt die \u00dcbergabe der neuen einheitlichen Spielkleidung mit anschlie\u00dfendem Fotoshooting. Auch das neu eingef\u00fchrte Konzept der &#8222;TVR ZukunftsF\u00d6RDERER&#8220; \u00fcberzeugte zahlreiche Eltern in der Halle, insgesamt wurden an diesem Tag F\u00f6rderbausteine im Wert von 600 Euro zweckgebunden f\u00fcr die Jugendarbeit &#8222;verkauft&#8220;. So gilt denn auch der herzliche Dank an alle Helfer dieses Tages. Angefangen von der Organisation und Durchf\u00fchrung durch die erste Herrenmannschaft unter Leitung des Marketingbeauftragten Niklas Vogel \u00fcber das Catering durch die &#8222;Zwote&#8220; bis hin zum unerm\u00fcdlichen Einsatz unseres Fotografen Michael Terwint.<\/p>\n<p>Zum Abschluss des Berichts einer Trainerstimme, weil man diesen Tag nicht besser zusammenfassen kann als mit diesem O-Ton: &#8222;Ich danke unseren Mannschaftspaten f\u00fcr den tollen Tag. Die Jungens haben voll mitgezogen und waren mit Begeisterung dabei. Ich w\u00fcnsche mir auch weiterhin so eine Vernetzung von &#8222;Alt&#8220; und Jung. Danke an alle Helfer. Weiter so TVR.&#8220; (-mo)<\/p>\n","protected":false},"excerpt":{"rendered":"<p>Zum &#8222;Tag der Handballjugend&#8220; hatte die Handballabteilung des TV Ratingen am vergangenen Sonntag ihre Kinder- und Jugendmannschaften von der F-Jugend bis zur A-Jugend in die Halle am Europaring eingeladen. Mehr als 100 Spielerinnen und Spieler aller Altersklassen nutzten getreu dem Abteilungsmotto &#8222;Mit Tradition in die Zukunft&#8220; die Gelegenheit, zusammen mit  [&#8230;]<\/p>\n","protected":false},"author":24,"featured_media":5477,"comment_status":"closed","ping_status":"open","sticky":false,"template":"","format":"standard","meta":{"ngg_post_thumbnail":0,"jetpack_post_was_ever_published":false,"_jetpack_newsletter_access":"","_jetpack_dont_email_post_to_subs":false,"_jetpack_newsletter_tier_id":0,"_jetpack_memberships_contains_paywalled_content":false,"_jetpack_memberships_contains_paid_content":false,"footnotes":"","jetpack_publicize_message":"","jetpack_publicize_feature_enabled":true,"jetpack_social_post_already_shared":true,"jetpack_social_options":{"image_generator_settings":{"template":"highway","default_image_id":0,"font":"","enabled":false},"version":2}},"categories":[17,1,19,21,23,25,27],"tags":[],"class_list":["post-5460","post","type-post","status-publish","format-standard","has-post-thumbnail","hentry","category-a-jugend","category-allgemein","category-b-jugend","category-c-jugend","category-d-jugend","category-e-jugend","category-f-jugend-2"],"jetpack_publicize_connections":[],"jetpack_featured_media_url":"https:\/\/www.handballratingen.de\/wp\/wp-content\/uploads\/2015\/09\/2050906_tag_der_handballjugend_k-DSC_1046.jpg","jetpack_sharing_enabled":true,"jetpack_shortlink":"https:\/\/wp.me\/p4Z74q-1q4","_links":{"self":[{"href":"https:\/\/www.handballratingen.de\/wp\/index.php?rest_route=\/wp\/v2\/posts\/5460","targetHints":{"allow":["GET"]}}],"collection":[{"href":"https:\/\/www.handballratingen.de\/wp\/index.php?rest_route=\/wp\/v2\/posts"}],"about":[{"href":"https:\/\/www.handballratingen.de\/wp\/index.php?rest_route=\/wp\/v2\/types\/post"}],"author":[{"embeddable":true,"href":"https:\/\/www.handballratingen.de\/wp\/index.php?rest_route=\/wp\/v2\/users\/24"}],"replies":[{"embeddable":true,"href":"https:\/\/www.handballratingen.de\/wp\/index.php?rest_route=%2Fwp%2Fv2%2Fcomments&post=5460"}],"version-history":[{"count":7,"href":"https:\/\/www.handballratingen.de\/wp\/index.php?rest_route=\/wp\/v2\/posts\/5460\/revisions"}],"predecessor-version":[{"id":5572,"href":"https:\/\/www.handballratingen.de\/wp\/index.php?rest_route=\/wp\/v2\/posts\/5460\/revisions\/5572"}],"wp:featuredmedia":[{"embeddable":true,"href":"https:\/\/www.handballratingen.de\/wp\/index.php?rest_route=\/wp\/v2\/media\/5477"}],"wp:attachment":[{"href":"https:\/\/www.handballratingen.de\/wp\/index.php?rest_route=%2Fwp%2Fv2%2Fmedia&parent=5460"}],"wp:term":[{"taxonomy":"category","embeddable":true,"href":"https:\/\/www.handballratingen.de\/wp\/index.php?rest_route=%2Fwp%2Fv2%2Fcategories&post=5460"},{"taxonomy":"post_tag","embeddable":true,"href":"https:\/\/www.handballratingen.de\/wp\/index.php?rest_route=%2Fwp%2Fv2%2Ftags&post=5460"}],"curies":[{"name":"wp","href":"https:\/\/api.w.org\/{rel}","templated":true}]}}