{"id":6053,"date":"2015-10-25T22:26:19","date_gmt":"2015-10-25T21:26:19","guid":{"rendered":"http:\/\/handballratingen.de\/wp\/?p=6053"},"modified":"2015-10-25T22:26:19","modified_gmt":"2015-10-25T21:26:19","slug":"die-b2-gewinnt-nach-starker-zweiter-halbzeit-mit-2617-1012-gegen-buederich","status":"publish","type":"post","link":"https:\/\/www.handballratingen.de\/wp\/?p=6053","title":{"rendered":"Die B2 gewinnt nach starker zweiter Halbzeit mit 26:17 (10:12) gegen B\u00fcderich"},"content":{"rendered":"<div style=\"width: 640px;\" class=\"wp-video\"><video class=\"wp-video-shortcode\" id=\"video-6053-1\" width=\"640\" height=\"360\" preload=\"metadata\" controls=\"controls\"><source type=\"video\/mp4\" src=\"http:\/\/handballratingen.de\/wp\/wp-content\/uploads\/2015\/10\/20151025_b2_kempator.mp4?_=1\" \/><a href=\"http:\/\/handballratingen.de\/wp\/wp-content\/uploads\/2015\/10\/20151025_b2_kempator.mp4\">http:\/\/handballratingen.de\/wp\/wp-content\/uploads\/2015\/10\/20151025_b2_kempator.mp4<\/a><\/video><\/div>\n<p>&nbsp;<\/p>\n<p>Gut begonnen, zur Ende von Halbzeit eins geschw\u00e4chelt und am Ende \u00fcberzeugend gewonnen &#8211; das ist die Kurzfassung des Spiels unserer B2-Jugend am Europaring gegen TuRa B\u00fcderich am heutigen Sonntag. Mit 26:17 setzten sich die von Trainer Lars Brauner betreuten Spieler am Ende deutlich gegen den Konkurrenten aus Meerbusch durch, nachdem sie zur Halbzeit noch mit zwei Toren im Hintertreffen waren.<\/p>\n<p>Die B2 begann das Spiel mit gewohnt guter Abwehrleistung, von den drei Wochen Spielpause war nichts zu merken. Nach einer schnellen 3:1-F\u00fchrung entwickelte sich ein ausgeglichenes Spiel bis zum 7:7, ehe B\u00fcderich sich zum 7:10 absetzen konnte. In dieser Phase bekamen die Gr\u00fcn-Wei\u00dfen den R\u00fcckraum aus B\u00fcderich einfach nicht in den Griff, die logische Konsequenz war dann der 10:12-Halbzeitr\u00fcclstand.<\/p>\n<p>Trainer Brauner war dies nat\u00fcrlich nicht entgangen und nutzte die Halbzeitpause f\u00fcr neue taktische Anweisungen im Abwehrverhalten. Der R\u00fcckraum der B\u00fcdericher war nach der Abwehrumstellung fast zur Wirkungslosigkeit verurteilt; lediglich f\u00fcnf Treffer gelang TuRa noch in Halbzeit zwei. Daf\u00fcr drehte der TV nun vorne m\u00e4chtig auf und kam zu vielen leichten Toren, die aus der verbesserten Abwehrarbeit resultierten. Zum Schluss des Spiels kr\u00f6nten die Jungs ihre Leistung mit einem sehenswerten Kempator zum 26:17, von dem auch zuf\u00e4llig ein Video existiert \ud83d\ude09<\/p>\n<p>Nun hat die B2 am n\u00e4chsten Wochenende Spielpause, bevor es dann am 7. November in den S\u00fcden von D\u00fcsseldorf zur HSG Eller geht. Mit der am Sonntag gezeigten Leistung wird es dann auch sicher gegen die Radschl\u00e4ger eine Gewinnchance geben. (-lb, -mo)<\/p>\n<p>Es spielten: Alexander Sch\u00e4ffkes, Augustinus K\u00fcnzel (Tor), Jannis B\u00fcscher (1), Hendrik Holtmeier (2), Linus Lepper (1), Tanguy Megazzini (2), Felix Pohlmeyer (1), Cedric Schmidt (2), Tobias Demming (3), Yannik Dumeier (5), Lucas Otten (3), Lars Friedrichs (4), Niklas Hasenklever (2)<\/p>\n","protected":false},"excerpt":{"rendered":"<p>&nbsp; Gut begonnen, zur Ende von Halbzeit eins geschw\u00e4chelt und am Ende \u00fcberzeugend gewonnen &#8211; das ist die Kurzfassung des Spiels unserer B2-Jugend am Europaring gegen TuRa B\u00fcderich am heutigen Sonntag. Mit 26:17 setzten sich die von Trainer Lars Brauner betreuten Spieler am Ende deutlich gegen den Konkurrenten aus Meerbusch  [&#8230;]<\/p>\n","protected":false},"author":24,"featured_media":0,"comment_status":"closed","ping_status":"open","sticky":false,"template":"","format":"standard","meta":{"ngg_post_thumbnail":0,"jetpack_post_was_ever_published":false,"_jetpack_newsletter_access":"","_jetpack_dont_email_post_to_subs":false,"_jetpack_newsletter_tier_id":0,"_jetpack_memberships_contains_paywalled_content":false,"_jetpack_memberships_contains_paid_content":false,"footnotes":"","jetpack_publicize_message":"","jetpack_publicize_feature_enabled":true,"jetpack_social_post_already_shared":true,"jetpack_social_options":{"image_generator_settings":{"template":"highway","default_image_id":0,"font":"","enabled":false},"version":2}},"categories":[19],"tags":[],"class_list":["post-6053","post","type-post","status-publish","format-standard","hentry","category-b-jugend"],"jetpack_publicize_connections":[],"jetpack_featured_media_url":"","jetpack_sharing_enabled":true,"jetpack_shortlink":"https:\/\/wp.me\/p4Z74q-1zD","_links":{"self":[{"href":"https:\/\/www.handballratingen.de\/wp\/index.php?rest_route=\/wp\/v2\/posts\/6053","targetHints":{"allow":["GET"]}}],"collection":[{"href":"https:\/\/www.handballratingen.de\/wp\/index.php?rest_route=\/wp\/v2\/posts"}],"about":[{"href":"https:\/\/www.handballratingen.de\/wp\/index.php?rest_route=\/wp\/v2\/types\/post"}],"author":[{"embeddable":true,"href":"https:\/\/www.handballratingen.de\/wp\/index.php?rest_route=\/wp\/v2\/users\/24"}],"replies":[{"embeddable":true,"href":"https:\/\/www.handballratingen.de\/wp\/index.php?rest_route=%2Fwp%2Fv2%2Fcomments&post=6053"}],"version-history":[{"count":4,"href":"https:\/\/www.handballratingen.de\/wp\/index.php?rest_route=\/wp\/v2\/posts\/6053\/revisions"}],"predecessor-version":[{"id":6058,"href":"https:\/\/www.handballratingen.de\/wp\/index.php?rest_route=\/wp\/v2\/posts\/6053\/revisions\/6058"}],"wp:attachment":[{"href":"https:\/\/www.handballratingen.de\/wp\/index.php?rest_route=%2Fwp%2Fv2%2Fmedia&parent=6053"}],"wp:term":[{"taxonomy":"category","embeddable":true,"href":"https:\/\/www.handballratingen.de\/wp\/index.php?rest_route=%2Fwp%2Fv2%2Fcategories&post=6053"},{"taxonomy":"post_tag","embeddable":true,"href":"https:\/\/www.handballratingen.de\/wp\/index.php?rest_route=%2Fwp%2Fv2%2Ftags&post=6053"}],"curies":[{"name":"wp","href":"https:\/\/api.w.org\/{rel}","templated":true}]}}