{"id":6179,"date":"2015-11-14T11:04:42","date_gmt":"2015-11-14T10:04:42","guid":{"rendered":"http:\/\/handballratingen.de\/wp\/?p=6179"},"modified":"2015-11-14T11:16:23","modified_gmt":"2015-11-14T10:16:23","slug":"wir-trauern-um-die-opfer-der-terroranschlaege-in-paris","status":"publish","type":"post","link":"https:\/\/www.handballratingen.de\/wp\/?p=6179","title":{"rendered":"Wir trauern um die Opfer der Terroranschl\u00e4ge in Paris"},"content":{"rendered":"<p>Die Handballabteilung des TV Ratingen trauert um die Opfer der Terroranschl\u00e4ge in Paris und f\u00fchlt mit den Verletzten und Angeh\u00f6rigen.<\/p>\n<p>Terror, Rassismus und Fremdenfeindlichkeit haben in unserem Wertebild keinen Platz und werden von uns entschieden verurteilt und abgelehnt. Als Sportlerinnen und Sportler stehen wir f\u00fcr Weltoffenheit, Toleranz und Fairness.<\/p>\n<p>Unsere Sportmannschaften wollen der Opfer nach Abstimmung mit den Schiedsrichtern und anderen Teams an diesem Wochenende als Zeichen der Anteilnahme und Verbundenheit mit einer Schweigeminute vor Spielbeginn gedenken. (-mo)<\/p>\n","protected":false},"excerpt":{"rendered":"<p>Die Handballabteilung des TV Ratingen trauert um die Opfer der Terroranschl\u00e4ge in Paris und f\u00fchlt mit den Verletzten und Angeh\u00f6rigen. Terror, Rassismus und Fremdenfeindlichkeit haben in unserem Wertebild keinen Platz und werden von uns entschieden verurteilt und abgelehnt. Als Sportlerinnen und Sportler stehen wir f\u00fcr Weltoffenheit, Toleranz und Fairness. Unsere  [&#8230;]<\/p>\n","protected":false},"author":24,"featured_media":6185,"comment_status":"closed","ping_status":"open","sticky":false,"template":"","format":"standard","meta":{"ngg_post_thumbnail":0,"jetpack_post_was_ever_published":false,"_jetpack_newsletter_access":"","_jetpack_dont_email_post_to_subs":false,"_jetpack_newsletter_tier_id":0,"_jetpack_memberships_contains_paywalled_content":false,"_jetpack_memberships_contains_paid_content":false,"footnotes":"","jetpack_publicize_message":"","jetpack_publicize_feature_enabled":true,"jetpack_social_post_already_shared":true,"jetpack_social_options":{"image_generator_settings":{"template":"highway","default_image_id":0,"font":"","enabled":false},"version":2}},"categories":[1],"tags":[],"class_list":["post-6179","post","type-post","status-publish","format-standard","has-post-thumbnail","hentry","category-allgemein"],"jetpack_publicize_connections":[],"jetpack_featured_media_url":"https:\/\/www.handballratingen.de\/wp\/wp-content\/uploads\/2015\/11\/20151114_banner_solidaritaet.jpg","jetpack_sharing_enabled":true,"jetpack_shortlink":"https:\/\/wp.me\/p4Z74q-1BF","_links":{"self":[{"href":"https:\/\/www.handballratingen.de\/wp\/index.php?rest_route=\/wp\/v2\/posts\/6179","targetHints":{"allow":["GET"]}}],"collection":[{"href":"https:\/\/www.handballratingen.de\/wp\/index.php?rest_route=\/wp\/v2\/posts"}],"about":[{"href":"https:\/\/www.handballratingen.de\/wp\/index.php?rest_route=\/wp\/v2\/types\/post"}],"author":[{"embeddable":true,"href":"https:\/\/www.handballratingen.de\/wp\/index.php?rest_route=\/wp\/v2\/users\/24"}],"replies":[{"embeddable":true,"href":"https:\/\/www.handballratingen.de\/wp\/index.php?rest_route=%2Fwp%2Fv2%2Fcomments&post=6179"}],"version-history":[{"count":4,"href":"https:\/\/www.handballratingen.de\/wp\/index.php?rest_route=\/wp\/v2\/posts\/6179\/revisions"}],"predecessor-version":[{"id":6184,"href":"https:\/\/www.handballratingen.de\/wp\/index.php?rest_route=\/wp\/v2\/posts\/6179\/revisions\/6184"}],"wp:featuredmedia":[{"embeddable":true,"href":"https:\/\/www.handballratingen.de\/wp\/index.php?rest_route=\/wp\/v2\/media\/6185"}],"wp:attachment":[{"href":"https:\/\/www.handballratingen.de\/wp\/index.php?rest_route=%2Fwp%2Fv2%2Fmedia&parent=6179"}],"wp:term":[{"taxonomy":"category","embeddable":true,"href":"https:\/\/www.handballratingen.de\/wp\/index.php?rest_route=%2Fwp%2Fv2%2Fcategories&post=6179"},{"taxonomy":"post_tag","embeddable":true,"href":"https:\/\/www.handballratingen.de\/wp\/index.php?rest_route=%2Fwp%2Fv2%2Ftags&post=6179"}],"curies":[{"name":"wp","href":"https:\/\/api.w.org\/{rel}","templated":true}]}}