{"id":6210,"date":"2015-11-16T20:06:22","date_gmt":"2015-11-16T19:06:22","guid":{"rendered":"http:\/\/handballratingen.de\/wp\/?p=6210"},"modified":"2015-11-16T21:16:30","modified_gmt":"2015-11-16T20:16:30","slug":"die-b2-mueht-sich-zu-einem-3328-arbeitssieg-gegen-die-sg-unterrath","status":"publish","type":"post","link":"https:\/\/www.handballratingen.de\/wp\/?p=6210","title":{"rendered":"Die B2 m\u00fcht sich zu einem 33:28-Arbeitssieg gegen die SG Unterrath"},"content":{"rendered":"<p>Dies war ein glanzloser Sieg unserer B2 am gestrigen Sonntag am Europaring gegen die SG Unterrath B1: Nach einem m\u00fchevollen Halbzeitstand von 15:14 gelang dem Team von Lars Brauner ein 33:28-Heimsieg, ohne jedoch wirklich \u00fcberzeugen zu k\u00f6nnen.<\/p>\n<p>Dabei begannen die Dumeklemmer gewohnt gut mit konsequenter Deckungsarbeit und schnellen Gegenst\u00f6\u00dfen. \u00dcber 4:1 und und 10:5 erreichten die Jungs einen deutlichen 14:7-Zwischenstand. Dann aber wie bereits \u00f6fter beobachtet ein Leistungseinbruch vor der Pause. Die SG kam durch einen 7:1-Lauf auf 15:14 heran und war zur Halbzeit wieder im Spiel.<\/p>\n<p>Auch in der zweiten Hakbzeit gelang des dem TVR nicht, die Souver\u00e4nit\u00e4t der ersten Minuten wieder zur\u00fcckzugewinnen, Ballverluste und Defizite im Abwehrbereich konnten nicht ganz abgestellt werden. Dennoch verteidigten die Jungs den kleinen Vorsprung tapfer, gerieten nicht mehr in R\u00fcckstand und bauten am Schluss zum 33:28 doch noch ein kleines Torpolster. Im Angriff zeichnete sich wie schon im Spiel in der vergangenen Woche Yannik Dumeier mit elf Treffern aus.<\/p>\n<p>Fazit: Gewonnen, aber mit viel Licht und Schatten und vor allen Dingen ohne Glanz. (-lb, -mo)<\/p>\n<p>Es spielten: Alex Sch\u00e4ffkes, Augustinus K\u00fcnzel (Tor) &#8211; Linus Lepper, Tanguy Megazzini, Ricardo G\u00fcnter (1), Felix Pohlmeyer (2), Yannik Dumeier (11), Lars Friedrichs (3), Jens Czernitzki (3), Niklas Hasenklever (5), Arne von Zedlitz (2), Hagen Br\u00fcckner (2), Tobias Demming (2)<\/p>\n","protected":false},"excerpt":{"rendered":"<p>Dies war ein glanzloser Sieg unserer B2 am gestrigen Sonntag am Europaring gegen die SG Unterrath B1: Nach einem m\u00fchevollen Halbzeitstand von 15:14 gelang dem Team von Lars Brauner ein 33:28-Heimsieg, ohne jedoch wirklich \u00fcberzeugen zu k\u00f6nnen. Dabei begannen die Dumeklemmer gewohnt gut mit konsequenter Deckungsarbeit und schnellen Gegenst\u00f6\u00dfen. \u00dcber  [&#8230;]<\/p>\n","protected":false},"author":24,"featured_media":6211,"comment_status":"closed","ping_status":"open","sticky":false,"template":"","format":"standard","meta":{"ngg_post_thumbnail":0,"jetpack_post_was_ever_published":false,"_jetpack_newsletter_access":"","_jetpack_dont_email_post_to_subs":false,"_jetpack_newsletter_tier_id":0,"_jetpack_memberships_contains_paywalled_content":false,"_jetpack_memberships_contains_paid_content":false,"footnotes":"","jetpack_publicize_message":"","jetpack_publicize_feature_enabled":true,"jetpack_social_post_already_shared":true,"jetpack_social_options":{"image_generator_settings":{"template":"highway","default_image_id":0,"font":"","enabled":false},"version":2}},"categories":[19],"tags":[],"class_list":["post-6210","post","type-post","status-publish","format-standard","has-post-thumbnail","hentry","category-b-jugend"],"jetpack_publicize_connections":[],"jetpack_featured_media_url":"https:\/\/www.handballratingen.de\/wp\/wp-content\/uploads\/2015\/11\/DSC_0016.jpg","jetpack_sharing_enabled":true,"jetpack_shortlink":"https:\/\/wp.me\/p4Z74q-1Ca","_links":{"self":[{"href":"https:\/\/www.handballratingen.de\/wp\/index.php?rest_route=\/wp\/v2\/posts\/6210","targetHints":{"allow":["GET"]}}],"collection":[{"href":"https:\/\/www.handballratingen.de\/wp\/index.php?rest_route=\/wp\/v2\/posts"}],"about":[{"href":"https:\/\/www.handballratingen.de\/wp\/index.php?rest_route=\/wp\/v2\/types\/post"}],"author":[{"embeddable":true,"href":"https:\/\/www.handballratingen.de\/wp\/index.php?rest_route=\/wp\/v2\/users\/24"}],"replies":[{"embeddable":true,"href":"https:\/\/www.handballratingen.de\/wp\/index.php?rest_route=%2Fwp%2Fv2%2Fcomments&post=6210"}],"version-history":[{"count":1,"href":"https:\/\/www.handballratingen.de\/wp\/index.php?rest_route=\/wp\/v2\/posts\/6210\/revisions"}],"predecessor-version":[{"id":6212,"href":"https:\/\/www.handballratingen.de\/wp\/index.php?rest_route=\/wp\/v2\/posts\/6210\/revisions\/6212"}],"wp:featuredmedia":[{"embeddable":true,"href":"https:\/\/www.handballratingen.de\/wp\/index.php?rest_route=\/wp\/v2\/media\/6211"}],"wp:attachment":[{"href":"https:\/\/www.handballratingen.de\/wp\/index.php?rest_route=%2Fwp%2Fv2%2Fmedia&parent=6210"}],"wp:term":[{"taxonomy":"category","embeddable":true,"href":"https:\/\/www.handballratingen.de\/wp\/index.php?rest_route=%2Fwp%2Fv2%2Fcategories&post=6210"},{"taxonomy":"post_tag","embeddable":true,"href":"https:\/\/www.handballratingen.de\/wp\/index.php?rest_route=%2Fwp%2Fv2%2Ftags&post=6210"}],"curies":[{"name":"wp","href":"https:\/\/api.w.org\/{rel}","templated":true}]}}