{"id":6292,"date":"2015-12-08T12:15:31","date_gmt":"2015-12-08T11:15:31","guid":{"rendered":"http:\/\/handballratingen.de\/wp\/?p=6292"},"modified":"2015-12-08T12:15:31","modified_gmt":"2015-12-08T11:15:31","slug":"b2-verschlaeft-die-zweite-halbzeit-deutliche-2838-niederlage-gegen-art-duesseldorf-b3","status":"publish","type":"post","link":"https:\/\/www.handballratingen.de\/wp\/?p=6292","title":{"rendered":"B2 verschl\u00e4ft die zweite Halbzeit: Deutliche 28:38-Niederlage gegen ART D\u00fcsseldorf B3"},"content":{"rendered":"<p>Mit einer deutlichen 28:38 (14:15)-Niederlage endete die Partie unserer B2-Jugend am vergangenen Samstag gegen die Drittvertretung des ART D\u00fcsseldorf. Besonders in Halbzeit zwei war das Team von R\u00fcckertstra\u00dfe nicht zu stoppen und nahm die Punkte verdient mit \u00fcber die Stadtgrenze in den Norden von D\u00fcsseldorf.<\/p>\n<p>Dabei war der Beginn der Partie bis kurz vor Ende der ersten Halbzeit noch recht vielversprechend. Die Gr\u00fcn-Wei\u00dfen von Trainer Lars Brauner waren nach schleppendem Beginn st\u00e4ndig in F\u00fchrung, konnten sich allerdings nie mehr als zwei Tore absetzen. Ein kleiner Schlussspurt des ART sicherte dann eine 14:15-Pausenf\u00fchrung f\u00fcr die G\u00e4ste, nat\u00fcrlich war die Partie zu diesem Zeitpunkt noch offen.<\/p>\n<p>Nach der Pause stellte der ART sein Deckungssystem auf eine offene 3:3-Deckung um. Das stellte den Angriff der Dumeklemmer vor gro\u00dfe Probleme und lieferte die Basis f\u00fcr einfache Tempotore der D\u00fcsseldorfer. \u00dcber 15:21 und 21:30 schossen die ARTler eine klare F\u00fchrung bis Mitte Halbzeit zwei heraus, der TV konnte dann nicht mehr gegenhalten und verlor am Ende verdient mit 28:38. Auch wenn es schlu\u00dfendlich eine deutliche Niederlage setzte: aus solchen Spielen lernt man, wie offensive Deckungssysteme in Zukunft besser geknackt werden k\u00f6nnen. Am Sonntag spielt das Team dann ausw\u00e4rts beim Spitzenreiter Reuschenberg. (-lb, -mo)<\/p>\n<p>Es spielten: Augustinus K\u00fcnzel, Alex Sch\u00e4ffkes (Tor), Hendrik Holtmeier (4), Linus Lepper (1), Felix Pohlmeyer (3), Hagen Br\u00fcckner (3), Jannis B\u00fcscher (5), Niklas Hasenklever (3), Tobias Demming (4), Yannik Dumeier (5)<\/p>\n","protected":false},"excerpt":{"rendered":"<p>Mit einer deutlichen 28:38 (14:15)-Niederlage endete die Partie unserer B2-Jugend am vergangenen Samstag gegen die Drittvertretung des ART D\u00fcsseldorf. Besonders in Halbzeit zwei war das Team von R\u00fcckertstra\u00dfe nicht zu stoppen und nahm die Punkte verdient mit \u00fcber die Stadtgrenze in den Norden von D\u00fcsseldorf. Dabei war der Beginn der  [&#8230;]<\/p>\n","protected":false},"author":24,"featured_media":3904,"comment_status":"closed","ping_status":"open","sticky":false,"template":"","format":"standard","meta":{"ngg_post_thumbnail":0,"jetpack_post_was_ever_published":false,"_jetpack_newsletter_access":"","_jetpack_dont_email_post_to_subs":false,"_jetpack_newsletter_tier_id":0,"_jetpack_memberships_contains_paywalled_content":false,"_jetpack_memberships_contains_paid_content":false,"footnotes":"","jetpack_publicize_message":"","jetpack_publicize_feature_enabled":true,"jetpack_social_post_already_shared":true,"jetpack_social_options":{"image_generator_settings":{"template":"highway","default_image_id":0,"font":"","enabled":false},"version":2}},"categories":[19],"tags":[],"class_list":["post-6292","post","type-post","status-publish","format-standard","has-post-thumbnail","hentry","category-b-jugend"],"jetpack_publicize_connections":[],"jetpack_featured_media_url":"https:\/\/www.handballratingen.de\/wp\/wp-content\/uploads\/2014\/12\/handball_symbolfoto_tvr.jpg","jetpack_sharing_enabled":true,"jetpack_shortlink":"https:\/\/wp.me\/p4Z74q-1Du","_links":{"self":[{"href":"https:\/\/www.handballratingen.de\/wp\/index.php?rest_route=\/wp\/v2\/posts\/6292","targetHints":{"allow":["GET"]}}],"collection":[{"href":"https:\/\/www.handballratingen.de\/wp\/index.php?rest_route=\/wp\/v2\/posts"}],"about":[{"href":"https:\/\/www.handballratingen.de\/wp\/index.php?rest_route=\/wp\/v2\/types\/post"}],"author":[{"embeddable":true,"href":"https:\/\/www.handballratingen.de\/wp\/index.php?rest_route=\/wp\/v2\/users\/24"}],"replies":[{"embeddable":true,"href":"https:\/\/www.handballratingen.de\/wp\/index.php?rest_route=%2Fwp%2Fv2%2Fcomments&post=6292"}],"version-history":[{"count":2,"href":"https:\/\/www.handballratingen.de\/wp\/index.php?rest_route=\/wp\/v2\/posts\/6292\/revisions"}],"predecessor-version":[{"id":6294,"href":"https:\/\/www.handballratingen.de\/wp\/index.php?rest_route=\/wp\/v2\/posts\/6292\/revisions\/6294"}],"wp:featuredmedia":[{"embeddable":true,"href":"https:\/\/www.handballratingen.de\/wp\/index.php?rest_route=\/wp\/v2\/media\/3904"}],"wp:attachment":[{"href":"https:\/\/www.handballratingen.de\/wp\/index.php?rest_route=%2Fwp%2Fv2%2Fmedia&parent=6292"}],"wp:term":[{"taxonomy":"category","embeddable":true,"href":"https:\/\/www.handballratingen.de\/wp\/index.php?rest_route=%2Fwp%2Fv2%2Fcategories&post=6292"},{"taxonomy":"post_tag","embeddable":true,"href":"https:\/\/www.handballratingen.de\/wp\/index.php?rest_route=%2Fwp%2Fv2%2Ftags&post=6292"}],"curies":[{"name":"wp","href":"https:\/\/api.w.org\/{rel}","templated":true}]}}