{"id":6318,"date":"2015-12-13T18:08:10","date_gmt":"2015-12-13T17:08:10","guid":{"rendered":"http:\/\/handballratingen.de\/wp\/?p=6318"},"modified":"2015-12-13T18:08:10","modified_gmt":"2015-12-13T17:08:10","slug":"jahresabschluss-der-zwoten-mit-niederlage-gegen-sv-wersten-04","status":"publish","type":"post","link":"https:\/\/www.handballratingen.de\/wp\/?p=6318","title":{"rendered":"Jahresabschluss der Zwoten mit Niederlage gegen SV Wersten 04"},"content":{"rendered":"<p>Am Samstag Nachmittag gastierte das Team von Coach Peter Franke beim SV Wersten 04. Dadurch, dass die Werstener ebenfalls gr\u00fcn-wei\u00dfe Trikots hatten und der Ersatz-Trikotsatz vergessen wurde, spielte die Zwote in ungewohnten blauem Look.<\/p>\n<p>Ein blaues Wunder f\u00fcr die Jungs aus Ratingen gab es dann nach den ersten zehn Minuten, in denen der Gastgeber mit 10:3 davon zog. Viel zu viele Chancen wurden liegen gelassen und das Metall nebst gegnerischem Torwart warm geschossen. Die Mannschaft k\u00e4mpfte sich dennoch heran und ging mit einem knappen Halbzeitstand von 14:11 in die Pause.<\/p>\n<p>Zu Beginn der zweiten 30 Minuten gelang schnell das Anschlusstor zum 14:12, die Zwote spielte konzentrierter und witterte die M\u00f6glichkeit eines nahenden Ausgleichs. Alex im Tor pushte das Team mit einigen Glanzparaden nach vorne, jedoch war es wieder die Abschlussschw\u00e4che aus der ersten Halbzeit, die weitere schnelle Tore verhinderte. Die Werstener fanden ebenfalls kein probates Mittel, die guten Abwehrreihen des TV zu knacken und so gelang beiden Teams zehn Minuten lang kein Tor. Gegen Mitte der zweiten Halbzeit zeigte sich aber dann die Routine der Gastgeber und sie zogen auf 19:12 davon. Routine ist aber nicht alles, denn die Zwote bewies abermals Moral und k\u00e4mpfte und k\u00e4mpfte, so dass es nach 50 Minuten \u201enur\u201c noch 24:21 stand und ein m\u00f6glicher Punktgewinn noch greifbar war. Leider geschah dies nicht und die Hausherren zogen die Z\u00fcgel zum Endstand von 28:24 an. Zum Jahresabschluss schw\u00f6rte Trainer Franke die Truppe nochmal ein und attestierte, dass das Team auf dem richtigen Weg sei und im neuen Jahr weiter intensiv an der Weiterentwicklung gearbeitet werde. (-rv)<\/p>\n","protected":false},"excerpt":{"rendered":"<p>Am Samstag Nachmittag gastierte das Team von Coach Peter Franke beim SV Wersten 04. Dadurch, dass die Werstener ebenfalls gr\u00fcn-wei\u00dfe Trikots hatten und der Ersatz-Trikotsatz vergessen wurde, spielte die Zwote in ungewohnten blauem Look. Ein blaues Wunder f\u00fcr die Jungs aus Ratingen gab es dann nach den ersten zehn Minuten,  [&#8230;]<\/p>\n","protected":false},"author":24,"featured_media":6319,"comment_status":"closed","ping_status":"open","sticky":false,"template":"","format":"standard","meta":{"ngg_post_thumbnail":0,"jetpack_post_was_ever_published":false,"_jetpack_newsletter_access":"","_jetpack_dont_email_post_to_subs":false,"_jetpack_newsletter_tier_id":0,"_jetpack_memberships_contains_paywalled_content":false,"_jetpack_memberships_contains_paid_content":false,"footnotes":"","jetpack_publicize_message":"","jetpack_publicize_feature_enabled":true,"jetpack_social_post_already_shared":true,"jetpack_social_options":{"image_generator_settings":{"template":"highway","default_image_id":0,"font":"","enabled":false},"version":2}},"categories":[11],"tags":[],"class_list":["post-6318","post","type-post","status-publish","format-standard","has-post-thumbnail","hentry","category-2-herren"],"jetpack_publicize_connections":[],"jetpack_featured_media_url":"https:\/\/www.handballratingen.de\/wp\/wp-content\/uploads\/2015\/12\/20151212_wersten_TVR_2M.jpg","jetpack_sharing_enabled":true,"jetpack_shortlink":"https:\/\/wp.me\/p4Z74q-1DU","_links":{"self":[{"href":"https:\/\/www.handballratingen.de\/wp\/index.php?rest_route=\/wp\/v2\/posts\/6318","targetHints":{"allow":["GET"]}}],"collection":[{"href":"https:\/\/www.handballratingen.de\/wp\/index.php?rest_route=\/wp\/v2\/posts"}],"about":[{"href":"https:\/\/www.handballratingen.de\/wp\/index.php?rest_route=\/wp\/v2\/types\/post"}],"author":[{"embeddable":true,"href":"https:\/\/www.handballratingen.de\/wp\/index.php?rest_route=\/wp\/v2\/users\/24"}],"replies":[{"embeddable":true,"href":"https:\/\/www.handballratingen.de\/wp\/index.php?rest_route=%2Fwp%2Fv2%2Fcomments&post=6318"}],"version-history":[{"count":1,"href":"https:\/\/www.handballratingen.de\/wp\/index.php?rest_route=\/wp\/v2\/posts\/6318\/revisions"}],"predecessor-version":[{"id":6320,"href":"https:\/\/www.handballratingen.de\/wp\/index.php?rest_route=\/wp\/v2\/posts\/6318\/revisions\/6320"}],"wp:featuredmedia":[{"embeddable":true,"href":"https:\/\/www.handballratingen.de\/wp\/index.php?rest_route=\/wp\/v2\/media\/6319"}],"wp:attachment":[{"href":"https:\/\/www.handballratingen.de\/wp\/index.php?rest_route=%2Fwp%2Fv2%2Fmedia&parent=6318"}],"wp:term":[{"taxonomy":"category","embeddable":true,"href":"https:\/\/www.handballratingen.de\/wp\/index.php?rest_route=%2Fwp%2Fv2%2Fcategories&post=6318"},{"taxonomy":"post_tag","embeddable":true,"href":"https:\/\/www.handballratingen.de\/wp\/index.php?rest_route=%2Fwp%2Fv2%2Ftags&post=6318"}],"curies":[{"name":"wp","href":"https:\/\/api.w.org\/{rel}","templated":true}]}}