{"id":6761,"date":"2016-03-08T22:23:44","date_gmt":"2016-03-08T21:23:44","guid":{"rendered":"http:\/\/handballratingen.de\/wp\/?p=6761"},"modified":"2019-02-21T13:46:51","modified_gmt":"2019-02-21T12:46:51","slug":"unsere-d-jugend-beendet-die-saison-mit-ausgeglichenem-punktekonto","status":"publish","type":"post","link":"https:\/\/www.handballratingen.de\/wp\/?p=6761","title":{"rendered":"Unsere D-Jugend beendet die Saison mit ausgeglichenem Punktekonto"},"content":{"rendered":"<p>Zum Saisonabschluss am vergangenen Sonntag fuhr die D-Jugend zum Ausw\u00e4rtsspiel beim Tabellenzweiten Neusser HV. Und das Spiel spiegelte den Saisonverlauf und die aktuelle Tabelle wieder. Zwar unterlagen die Jungs von Trainer Hendrik Averdick knapp mit 18:16, sie zeigten aber auch, dass zwischen dem Tabellenzweiten Neuss und dem Tabellenvierten TV Ratingen nur Nuancen \u00fcber Sieg oder Niederlage entscheidend sind.<\/p>\n<p>Hinter den \u00fcberm\u00e4chtigen D1-Spielern des ART D\u00fcsseldorf, die verlustpunktfrei die Meisterschaft feiern konnten, haben die Jungs in Gr\u00fcn mit acht Siegen, zwei Unentschieden und acht Niederlagen eine sehr ordentliche Saison gespielt, die sie mit ausgeglichenem Punktekonto auf Platz vier der Kreisligatabelle brachten. Einige Leistungstr\u00e4ger werden die D-Jugend im April verlassen, um dann in der C-Jugend weiter auf Tor- und Punktejagd zu gehen. Daf\u00fcr steht mit der aktuellen E1 eine komplette Jahrgangsmannschaft als Verst\u00e4rkung f\u00fcr die jetzige D-Jugend in der n\u00e4chsten Saison bereit.<\/p>\n<p>Dem ganzen Team, den Trainer und den Eltern und sonstigen Unterst\u00fctzern herzlichen Dank f\u00fcr eine sch\u00f6ne und erfolgreiche Spielzeit 2015\/2016. Wir freuen und auf die n\u00e4chste Saison mit Euch! (-mo)<\/p>\n","protected":false},"excerpt":{"rendered":"<p>Zum Saisonabschluss am vergangenen Sonntag fuhr die D-Jugend zum Ausw\u00e4rtsspiel beim Tabellenzweiten Neusser HV. Und das Spiel spiegelte den Saisonverlauf und die aktuelle Tabelle wieder. Zwar unterlagen die Jungs von Trainer Hendrik Averdick knapp mit 18:16, sie zeigten aber auch, dass zwischen dem Tabellenzweiten Neuss und dem Tabellenvierten TV Ratingen  [&#8230;]<\/p>\n","protected":false},"author":24,"featured_media":6762,"comment_status":"closed","ping_status":"open","sticky":false,"template":"","format":"standard","meta":{"ngg_post_thumbnail":0,"jetpack_post_was_ever_published":false,"_jetpack_newsletter_access":"","_jetpack_dont_email_post_to_subs":false,"_jetpack_newsletter_tier_id":0,"_jetpack_memberships_contains_paywalled_content":false,"_jetpack_memberships_contains_paid_content":false,"footnotes":"","jetpack_publicize_message":"","jetpack_publicize_feature_enabled":true,"jetpack_social_post_already_shared":true,"jetpack_social_options":{"image_generator_settings":{"template":"highway","default_image_id":0,"font":"","enabled":false},"version":2}},"categories":[23],"tags":[],"class_list":["post-6761","post","type-post","status-publish","format-standard","has-post-thumbnail","hentry","category-d-jugend"],"jetpack_publicize_connections":[],"jetpack_featured_media_url":"https:\/\/www.handballratingen.de\/wp\/wp-content\/uploads\/2016\/03\/20160308_d_jugend_DSC_1240.jpg","jetpack_sharing_enabled":true,"jetpack_shortlink":"https:\/\/wp.me\/p4Z74q-1L3","_links":{"self":[{"href":"https:\/\/www.handballratingen.de\/wp\/index.php?rest_route=\/wp\/v2\/posts\/6761","targetHints":{"allow":["GET"]}}],"collection":[{"href":"https:\/\/www.handballratingen.de\/wp\/index.php?rest_route=\/wp\/v2\/posts"}],"about":[{"href":"https:\/\/www.handballratingen.de\/wp\/index.php?rest_route=\/wp\/v2\/types\/post"}],"author":[{"embeddable":true,"href":"https:\/\/www.handballratingen.de\/wp\/index.php?rest_route=\/wp\/v2\/users\/24"}],"replies":[{"embeddable":true,"href":"https:\/\/www.handballratingen.de\/wp\/index.php?rest_route=%2Fwp%2Fv2%2Fcomments&post=6761"}],"version-history":[{"count":4,"href":"https:\/\/www.handballratingen.de\/wp\/index.php?rest_route=\/wp\/v2\/posts\/6761\/revisions"}],"predecessor-version":[{"id":6766,"href":"https:\/\/www.handballratingen.de\/wp\/index.php?rest_route=\/wp\/v2\/posts\/6761\/revisions\/6766"}],"wp:featuredmedia":[{"embeddable":true,"href":"https:\/\/www.handballratingen.de\/wp\/index.php?rest_route=\/wp\/v2\/media\/6762"}],"wp:attachment":[{"href":"https:\/\/www.handballratingen.de\/wp\/index.php?rest_route=%2Fwp%2Fv2%2Fmedia&parent=6761"}],"wp:term":[{"taxonomy":"category","embeddable":true,"href":"https:\/\/www.handballratingen.de\/wp\/index.php?rest_route=%2Fwp%2Fv2%2Fcategories&post=6761"},{"taxonomy":"post_tag","embeddable":true,"href":"https:\/\/www.handballratingen.de\/wp\/index.php?rest_route=%2Fwp%2Fv2%2Ftags&post=6761"}],"curies":[{"name":"wp","href":"https:\/\/api.w.org\/{rel}","templated":true}]}}