{"id":6902,"date":"2016-05-01T11:03:01","date_gmt":"2016-05-01T10:03:01","guid":{"rendered":"http:\/\/handballratingen.de\/wp\/?p=6902"},"modified":"2016-05-01T11:03:01","modified_gmt":"2016-05-01T10:03:01","slug":"abschied-von-zwei-aktiven-und-dank-der-mannschaft-an-die-unterstuetzer","status":"publish","type":"post","link":"https:\/\/www.handballratingen.de\/wp\/?p=6902","title":{"rendered":"Abschied von zwei Aktiven und Dank der Mannschaft an die Unterst\u00fctzer"},"content":{"rendered":"<p>Das letzte Heimspiel der Saison bildet tradtionell den Rahmen, sich bei den Spielern zu bedanken, die in der n\u00e4chsten Saison nicht mehr auf der Platte stehen werden und die Unterst\u00fctzer vor und hinter den Kulissen entsprechend zu w\u00fcrdigen.<\/p>\n<p>So \u00fcberreichte Abteilungsleiter Thomas Oberwinster beim Spiel gegen Kettwig am gestrigen Samstag am Europaring (der TVR gewann 37:33, ein ausf\u00fchrlicher Spielbericht folgt) mit gro\u00dfem Dank Pr\u00e4sente an Julian Schweinsberger, der die ersten Herren in dieser Spielzeit verst\u00e4rkte,\u00a0 und Niklas Vogel, der die Handballschuhe an den Nagel h\u00e4ngt, dem TV aber als Marketingleiter und Trainer der zweiten Herrenmannschaft erhalten bleibt.<\/p>\n<p>Die erste Mannschaft bedankte sich mit Pr\u00e4senten bei dem Team, die die ganze Saison \u00fcber vor und hinter den Kulissen f\u00fcr einen reibungslosen Spielbetrieb gesorgt haben. Dazu geh\u00f6rt nat\u00fcrlich Susanne und Ulli Brors sowie Martina Zietz im Catering und Marc M\u00fchrmann, der sich seit langem um die Organisation in der Halle und das Aufh\u00e4ngen der Werbebanner k\u00fcmmert. Ilka Schrader war wie gewohnt die zuverl\u00e4ssige Vertreterin des TV im Kampfgericht und Lars Friedrich war der Mann an der Videokamera bei diversen Spielen der Ersten.<\/p>\n<p>Den ausscheidenden Spielern und allen Unterst\u00fctzern auch von Seiten der gesamten Handballabteilung ein herzliches Dankesch\u00f6n! (-mo)<\/p>\n","protected":false},"excerpt":{"rendered":"<p>Das letzte Heimspiel der Saison bildet tradtionell den Rahmen, sich bei den Spielern zu bedanken, die in der n\u00e4chsten Saison nicht mehr auf der Platte stehen werden und die Unterst\u00fctzer vor und hinter den Kulissen entsprechend zu w\u00fcrdigen. So \u00fcberreichte Abteilungsleiter Thomas Oberwinster beim Spiel gegen Kettwig am gestrigen Samstag  [&#8230;]<\/p>\n","protected":false},"author":24,"featured_media":6903,"comment_status":"closed","ping_status":"open","sticky":false,"template":"","format":"standard","meta":{"ngg_post_thumbnail":0,"jetpack_post_was_ever_published":false,"_jetpack_newsletter_access":"","_jetpack_dont_email_post_to_subs":false,"_jetpack_newsletter_tier_id":0,"_jetpack_memberships_contains_paywalled_content":false,"_jetpack_memberships_contains_paid_content":false,"footnotes":"","jetpack_publicize_message":"","jetpack_publicize_feature_enabled":true,"jetpack_social_post_already_shared":true,"jetpack_social_options":{"image_generator_settings":{"template":"highway","default_image_id":0,"font":"","enabled":false},"version":2}},"categories":[9,1],"tags":[],"class_list":["post-6902","post","type-post","status-publish","format-standard","has-post-thumbnail","hentry","category-1-herren","category-allgemein"],"jetpack_publicize_connections":[],"jetpack_featured_media_url":"https:\/\/www.handballratingen.de\/wp\/wp-content\/uploads\/2016\/05\/20160430_ehrungen.jpg","jetpack_sharing_enabled":true,"jetpack_shortlink":"https:\/\/wp.me\/p4Z74q-1Nk","_links":{"self":[{"href":"https:\/\/www.handballratingen.de\/wp\/index.php?rest_route=\/wp\/v2\/posts\/6902","targetHints":{"allow":["GET"]}}],"collection":[{"href":"https:\/\/www.handballratingen.de\/wp\/index.php?rest_route=\/wp\/v2\/posts"}],"about":[{"href":"https:\/\/www.handballratingen.de\/wp\/index.php?rest_route=\/wp\/v2\/types\/post"}],"author":[{"embeddable":true,"href":"https:\/\/www.handballratingen.de\/wp\/index.php?rest_route=\/wp\/v2\/users\/24"}],"replies":[{"embeddable":true,"href":"https:\/\/www.handballratingen.de\/wp\/index.php?rest_route=%2Fwp%2Fv2%2Fcomments&post=6902"}],"version-history":[{"count":1,"href":"https:\/\/www.handballratingen.de\/wp\/index.php?rest_route=\/wp\/v2\/posts\/6902\/revisions"}],"predecessor-version":[{"id":6904,"href":"https:\/\/www.handballratingen.de\/wp\/index.php?rest_route=\/wp\/v2\/posts\/6902\/revisions\/6904"}],"wp:featuredmedia":[{"embeddable":true,"href":"https:\/\/www.handballratingen.de\/wp\/index.php?rest_route=\/wp\/v2\/media\/6903"}],"wp:attachment":[{"href":"https:\/\/www.handballratingen.de\/wp\/index.php?rest_route=%2Fwp%2Fv2%2Fmedia&parent=6902"}],"wp:term":[{"taxonomy":"category","embeddable":true,"href":"https:\/\/www.handballratingen.de\/wp\/index.php?rest_route=%2Fwp%2Fv2%2Fcategories&post=6902"},{"taxonomy":"post_tag","embeddable":true,"href":"https:\/\/www.handballratingen.de\/wp\/index.php?rest_route=%2Fwp%2Fv2%2Ftags&post=6902"}],"curies":[{"name":"wp","href":"https:\/\/api.w.org\/{rel}","templated":true}]}}