{"id":6963,"date":"2016-06-06T19:52:43","date_gmt":"2016-06-06T18:52:43","guid":{"rendered":"http:\/\/handballratingen.de\/wp\/?p=6963"},"modified":"2019-02-21T13:46:51","modified_gmt":"2019-02-21T12:46:51","slug":"c-jugend-scheiert-knapp-in-der-hvn-qualifikation","status":"publish","type":"post","link":"https:\/\/www.handballratingen.de\/wp\/?p=6963","title":{"rendered":"C-Jugend scheidet knapp aus der HVN-Qualifikation aus"},"content":{"rendered":"<p>Zum ersten Mal schnupperten die Spieler unserer C-Jugend am vergangenen Wochenende &#8222;HVN-Luft&#8220;: Das Team von Annette Paulsen und Thomas Fischer-Moore reiste am Samstag nach Viersen-S\u00fcchteln, um mit vier weiteren Mannschaften um die begehrten Startpl\u00e4tze f\u00fcr die Ober- und Verbandsliga zu k\u00e4mpfen. Am Ende der vier Begegnungen belegten die Gr\u00fcn-Wei\u00dfen Platz vier der Abschlusstabelle, der leider nicht zum Weiterkommen in der Qualifikation reicht.<\/p>\n<p>Mit dem ASV S\u00fcchteln und der HSV Solingen-Gr\u00e4frath hatten die Dumeklemmer zu Beginn des Turniers gleich die schwersten Brocken auf dem Programm. Gespielt wurden die Partien zu je 20 Minuten ohne Teamtimeout. Gegen den sp\u00e4teren Turnierzweiten S\u00fcchteln hielten die Jungs die ersten zehn Minuten gut dagegen, ehe die \u00fcberlegenen S\u00fcchtelner einen deutlichen 5:15-Sieg einfahren konnten. Die Mannschaft war ob des Niveaus auf HVN-Ebene deutlich beeindruckt und verlor im anschlie\u00dfenden Spiel gegen den Turniersiegen aus Solingen v\u00f6llig den Faden. Mit 2:17 verlor die Mannschaft verdient, aber sicherlich auch unter ihren sportlichen M\u00f6glichkeiten.<\/p>\n<p>Dass es auch anders geht, zeigten die letzten beiden Partien. Sportlich ging es jetzt um Rang drei, der eine weitere Teilnahme an der Qualifikation zur Verbandsliga erm\u00f6glicht h\u00e4tte. Gegen den TV Erkelenz lieferten die Spieler eine \u00fcberzeugende Leistung ab\u00a0 und gewannen verdient mit 13:9. Damit brachte das Abschlussspiel gegen den TV Borken die Entscheidung. Borken konnte bis zum letzten Spiel ebenfalls einen Sieg auf seinem Konto verbuchen und wies die deutlich bessere Tordifferenz auf. Somit war klar, dass nur ein Sieg den Verbleib in der Qualifikation bedeuten w\u00fcrde. Die erste H\u00e4lfte der Partie hielten die Dumeklemmer gut mit, dann aber schlichen sich Fehlp\u00e4sse aufgrund von Unkonzentriert und schwindenden Kr\u00e4ften ein. Auch das Angriffsspiel wurde gegen Ende zu passiv, so dass Borken mit 10:14 die Oberhand behielt und als Tabellendritter in der Quali verbleibt.<\/p>\n<p>F\u00fcr das Team endete der Tag in der Quali mit einem Sieg, einer vermeidbaren und zwei deutlichen Niederlagen als gute Standortbestimmung und mit viel Erfahrungsgewinn. Wir danken allen Spielern, dem Trainerteam, den Betreuern und mitgereisten Eltern f\u00fcr ihren Einsatz und w\u00fcnschen viel Erfolg auf Kreisebene in der Spielzeit 2016\/17. (-mo)<\/p>\n<p>Es spielten: Mehmet Kacar, Thomas Bend, Simon Demming, Marius Domhan, Johannes van de Sand, Magnus Lepper,\u00a0 Christopher Schmitz, Lars Burzan, Niklas Schmidt, Max Terwint, Luca Remitschka, Kaya Cevik, Joel Schreiber, Jakob Stuehrk. Verhindert Lasse Kowalski.<\/p>\n","protected":false},"excerpt":{"rendered":"<p>Zum ersten Mal schnupperten die Spieler unserer C-Jugend am vergangenen Wochenende &#8222;HVN-Luft&#8220;: Das Team von Annette Paulsen und Thomas Fischer-Moore reiste am Samstag nach Viersen-S\u00fcchteln, um mit vier weiteren Mannschaften um die begehrten Startpl\u00e4tze f\u00fcr die Ober- und Verbandsliga zu k\u00e4mpfen. Am Ende der vier Begegnungen belegten die Gr\u00fcn-Wei\u00dfen Platz  [&#8230;]<\/p>\n","protected":false},"author":24,"featured_media":6966,"comment_status":"closed","ping_status":"open","sticky":false,"template":"","format":"standard","meta":{"ngg_post_thumbnail":0,"jetpack_post_was_ever_published":false,"_jetpack_newsletter_access":"","_jetpack_dont_email_post_to_subs":false,"_jetpack_newsletter_tier_id":0,"_jetpack_memberships_contains_paywalled_content":false,"_jetpack_memberships_contains_paid_content":false,"footnotes":"","jetpack_publicize_message":"","jetpack_publicize_feature_enabled":true,"jetpack_social_post_already_shared":true,"jetpack_social_options":{"image_generator_settings":{"template":"highway","default_image_id":0,"font":"","enabled":false},"version":2}},"categories":[21],"tags":[],"class_list":["post-6963","post","type-post","status-publish","format-standard","has-post-thumbnail","hentry","category-c-jugend"],"jetpack_publicize_connections":[],"jetpack_featured_media_url":"https:\/\/www.handballratingen.de\/wp\/wp-content\/uploads\/2016\/06\/IMGP3687.jpg","jetpack_sharing_enabled":true,"jetpack_shortlink":"https:\/\/wp.me\/p4Z74q-1Oj","_links":{"self":[{"href":"https:\/\/www.handballratingen.de\/wp\/index.php?rest_route=\/wp\/v2\/posts\/6963","targetHints":{"allow":["GET"]}}],"collection":[{"href":"https:\/\/www.handballratingen.de\/wp\/index.php?rest_route=\/wp\/v2\/posts"}],"about":[{"href":"https:\/\/www.handballratingen.de\/wp\/index.php?rest_route=\/wp\/v2\/types\/post"}],"author":[{"embeddable":true,"href":"https:\/\/www.handballratingen.de\/wp\/index.php?rest_route=\/wp\/v2\/users\/24"}],"replies":[{"embeddable":true,"href":"https:\/\/www.handballratingen.de\/wp\/index.php?rest_route=%2Fwp%2Fv2%2Fcomments&post=6963"}],"version-history":[{"count":10,"href":"https:\/\/www.handballratingen.de\/wp\/index.php?rest_route=\/wp\/v2\/posts\/6963\/revisions"}],"predecessor-version":[{"id":6974,"href":"https:\/\/www.handballratingen.de\/wp\/index.php?rest_route=\/wp\/v2\/posts\/6963\/revisions\/6974"}],"wp:featuredmedia":[{"embeddable":true,"href":"https:\/\/www.handballratingen.de\/wp\/index.php?rest_route=\/wp\/v2\/media\/6966"}],"wp:attachment":[{"href":"https:\/\/www.handballratingen.de\/wp\/index.php?rest_route=%2Fwp%2Fv2%2Fmedia&parent=6963"}],"wp:term":[{"taxonomy":"category","embeddable":true,"href":"https:\/\/www.handballratingen.de\/wp\/index.php?rest_route=%2Fwp%2Fv2%2Fcategories&post=6963"},{"taxonomy":"post_tag","embeddable":true,"href":"https:\/\/www.handballratingen.de\/wp\/index.php?rest_route=%2Fwp%2Fv2%2Ftags&post=6963"}],"curies":[{"name":"wp","href":"https:\/\/api.w.org\/{rel}","templated":true}]}}